{"id":1316,"date":"2016-02-02T19:26:32","date_gmt":"2016-02-02T17:26:32","guid":{"rendered":"http:\/\/blog.teddyaward.tv\/en\/?p=1316"},"modified":"2016-12-19T14:51:21","modified_gmt":"2016-12-19T12:51:21","slug":"all-films-all-interviews-2","status":"publish","type":"post","link":"https:\/\/blog.teddyaward.tv\/en\/2016\/02\/02\/all-films-all-interviews-2\/","title":{"rendered":"All Films &#8211; All Interviews 2016"},"content":{"rendered":"<p style=\"text-align: left;\">Here you can find all the movies competing for a TEDDY AWARD. During the Berlinale, we will post interviews with the filmmakers, trailers and other information.<\/p>\n<hr \/>\n<p style=\"text-align: center;\"><span style=\"text-decoration: underline; color: #008000;\">A Boy Needs a Friend<\/span><br \/>\nA Boy Needs a Friend<\/p>\n<p style=\"text-align: left;\">Canada\/ USA 2015<br \/>\n23\u00b4<br \/>\nDirector: Steve Reinke<\/p>\n<p><iframe loading=\"lazy\" title=\"Interview Steve Reinke about &quot;A Boy Needs a Friend&quot;\" width=\"474\" height=\"267\" src=\"https:\/\/www.youtube.com\/embed\/VBGiyVsPQ1U?feature=oembed\" frameborder=\"0\" allow=\"accelerometer; autoplay; clipboard-write; encrypted-media; gyroscope; picture-in-picture; web-share\" referrerpolicy=\"strict-origin-when-cross-origin\" allowfullscreen><\/iframe><\/p>\n<p style=\"text-align: justify;\">In this latest installment of his ongoing video essay, \u201cFinal Thoughts\u201d, Steve Reinke ostensibly turns to the subject of friendship. A Boy Needs a Friend delves into its topic head on, in particular investigating the notion of queer Nietzschean friendship. Using his signature dry voice over monologue to tie together an eclectic array of disparate images, ranging from found footage collages to digital animation and cell phone video, Reinke sets forth theories about the identity of Stephen King and Joyce Carol Oates, needle point doodles, the upsides of owning both US and Canadian citizenship, and the ability of corpses to have sex. \u201cFinal Thoughts\u201d was begun in 2004 as a life project: it will be complete upon Reinke\u2019s death. It is a collection of video essays, a stream of ongoing thoughts and provocative engagements. Forum Expanded screened The Tiny Ventriloquist: Final Thoughts, Series Two in 2012. A Boy Needs a Friend is part of The genital is Superfluous: Final Thoughts, Series Four (2016).<\/p>\n<p style=\"text-align: center;\"><a href=\"http:\/\/blog.teddyaward.tv\/en\/wp-content\/uploads\/sites\/4\/2016\/01\/A-Boy-Needs-a-Friend.jpg\"><img loading=\"lazy\" decoding=\"async\" class=\" size-medium wp-image-1319 aligncenter\" src=\"http:\/\/blog.teddyaward.tv\/en\/wp-content\/uploads\/sites\/4\/2016\/01\/A-Boy-Needs-a-Friend-300x205.jpg\" alt=\"A Boy Needs a Friend\" width=\"300\" height=\"205\" srcset=\"https:\/\/blog.teddyaward.tv\/en\/wp-content\/uploads\/sites\/4\/2016\/01\/A-Boy-Needs-a-Friend-300x205.jpg 300w, https:\/\/blog.teddyaward.tv\/en\/wp-content\/uploads\/sites\/4\/2016\/01\/A-Boy-Needs-a-Friend-1024x699.jpg 1024w, https:\/\/blog.teddyaward.tv\/en\/wp-content\/uploads\/sites\/4\/2016\/01\/A-Boy-Needs-a-Friend.jpg 1552w\" sizes=\"auto, (max-width: 300px) 100vw, 300px\" \/><\/a><\/p>\n<p style=\"text-align: center;\"><span style=\"color: #008000;\">13.02. \/ 21:30 Akademie der K\u00fcnste<\/span><br \/>\n<span style=\"color: #008000;\">14.02. \/ 15:00 Kino Arsenal 1<\/span><br \/>\n<span style=\"color: #008000;\">21.02. \/ 16:00 International<\/span><\/p>\n<hr \/>\n<p style=\"text-align: center;\"><span style=\"text-decoration: underline;\"><span class=\"st\" style=\"color: #008000; text-decoration: underline;\">Antes o Tempo n\u00e3o Acabava<\/span><\/span><br \/>\nTime Was Endless<\/p>\n<p style=\"text-align: left;\">Brazil\/ Germany2016<br \/>\n85\u00b4<br \/>\nDirector: S\u00e9rgio Andrade, F\u00e1bio Baldo<br \/>\nCast:\u00a0 Anderson Tikuna, Rita Carelli, Beg<span class=\"tt_r26 j_entities\">\u00ea <\/span> Muniz, Emanuel Arag\u00e3o<\/p>\n<p><iframe loading=\"lazy\" title=\"Interview with F\u00e1bio Baldo, Sergio Andrade and Andreson Tikuna about &quot;Time was Endless&quot;\" width=\"474\" height=\"267\" src=\"https:\/\/www.youtube.com\/embed\/E1OdtbxQKo0?feature=oembed\" frameborder=\"0\" allow=\"accelerometer; autoplay; clipboard-write; encrypted-media; gyroscope; picture-in-picture; web-share\" referrerpolicy=\"strict-origin-when-cross-origin\" allowfullscreen><\/iframe><\/p>\n<p style=\"text-align: justify;\">Having been born into an indigenous tribe in the Amazon, Anderson is familiar with painful initiation rites. He is now living with his sister and her sick little girl in the city of Manaus. He has a mobile phone and takes on casual work, but must face the challenges posed by the incompatibility between modern life and shamanism. For him, the two worlds collide on a daily basis: when his niece is to be sacrificed, when a mythical monster appears to him in human form, or when he experiences a one-night stand in a doom metal night club. The shaman has another ancient ritual in store for Anderson, without which, according to the healer, he will be lost forever. With powerful images accompanied by electronic music, directors S\u00e9rgio Andrade and F\u00e1bio Baldo create a portrait of a wanderer between two worlds. One \u2013 endangered and fuelled by myths and legends \u2013 is fading away in the dwindling space accorded to it by the white conquerors. The other is loud and exhausting, but perhaps one in which Anderson will be able to develop in a better way. Eschewing didacticism, the film paints a dreamlike documentary portrait of a disappearing culture.<\/p>\n<p style=\"text-align: center;\"><a href=\"http:\/\/blog.teddyaward.tv\/en\/wp-content\/uploads\/sites\/4\/2016\/01\/Antes-o-tempo-na\u0303o-acabava.jpg\"><img loading=\"lazy\" decoding=\"async\" class=\" size-medium wp-image-1320 aligncenter\" src=\"http:\/\/blog.teddyaward.tv\/en\/wp-content\/uploads\/sites\/4\/2016\/01\/Antes-o-tempo-na\u0303o-acabava-300x205.jpg\" alt=\"Antes o tempo na\u0303o acabava\" width=\"300\" height=\"205\" srcset=\"https:\/\/blog.teddyaward.tv\/en\/wp-content\/uploads\/sites\/4\/2016\/01\/Antes-o-tempo-na\u0303o-acabava-300x205.jpg 300w, https:\/\/blog.teddyaward.tv\/en\/wp-content\/uploads\/sites\/4\/2016\/01\/Antes-o-tempo-na\u0303o-acabava-1024x699.jpg 1024w, https:\/\/blog.teddyaward.tv\/en\/wp-content\/uploads\/sites\/4\/2016\/01\/Antes-o-tempo-na\u0303o-acabava.jpg 1552w\" sizes=\"auto, (max-width: 300px) 100vw, 300px\" \/><\/a><\/p>\n<p style=\"text-align: center;\"><span style=\"color: #008000;\">13.02. \/ 11:00 CineStar 8<\/span><br \/>\n<span style=\"color: #008000;\">18.02. \/ 19:00 Zoo Palast 1<\/span><br \/>\n<span style=\"color: #008000;\">19.02. \/ 10:00 CinemaxX 7<\/span><br \/>\n<span style=\"color: #008000;\">20.02. \/ 14:30 Cubix 9<\/span><\/p>\n<hr \/>\n<p style=\"text-align: center;\"><span style=\"text-decoration: underline; color: #008000;\">Balcony<\/span><br \/>\nBalcony<\/p>\n<p style=\"text-align: left;\">Great Britain 2015<br \/>\n17\u00b4<br \/>\nDirector: Toby Fell-Holden<br \/>\nCast: Charlotte Beaumont, Genevieve Dunne, Umit Ulgen<\/p>\n<p><iframe loading=\"lazy\" title=\"Interview with Toby Fell-Holden about &quot;Balcony&quot;\" width=\"474\" height=\"267\" src=\"https:\/\/www.youtube.com\/embed\/FshYU1I_yZI?feature=oembed\" frameborder=\"0\" allow=\"accelerometer; autoplay; clipboard-write; encrypted-media; gyroscope; picture-in-picture; web-share\" referrerpolicy=\"strict-origin-when-cross-origin\" allowfullscreen><\/iframe><\/p>\n<p style=\"text-align: justify;\">Tina doesn\u2019t know much about the schoolgirl in the Hijab. She might come from Egypt or Iraq \u2013 but what does it matter? She would like to be there for her neighbour, protect her from her tough life at home and in the hood but how comes Tina thinks she knows so much about this foreign girl? Dana starts wondering why the blond girl has been paying her so much attention of late. Prejudice and tentative advances collide head-on in the block.<\/p>\n<p style=\"text-align: center;\"><a href=\"http:\/\/blog.teddyaward.tv\/en\/wp-content\/uploads\/sites\/4\/2016\/01\/Balcony.jpg\"><img loading=\"lazy\" decoding=\"async\" class=\" size-medium wp-image-1321 aligncenter\" src=\"http:\/\/blog.teddyaward.tv\/en\/wp-content\/uploads\/sites\/4\/2016\/01\/Balcony-300x205.jpg\" alt=\"Balcony\" width=\"300\" height=\"205\" srcset=\"https:\/\/blog.teddyaward.tv\/en\/wp-content\/uploads\/sites\/4\/2016\/01\/Balcony-300x205.jpg 300w, https:\/\/blog.teddyaward.tv\/en\/wp-content\/uploads\/sites\/4\/2016\/01\/Balcony-1024x699.jpg 1024w, https:\/\/blog.teddyaward.tv\/en\/wp-content\/uploads\/sites\/4\/2016\/01\/Balcony.jpg 1552w\" sizes=\"auto, (max-width: 300px) 100vw, 300px\" \/><\/a><\/p>\n<p style=\"text-align: center;\"><span style=\"color: #008000;\">16.02. \/ 17:30 CinemaxX 1<\/span><br \/>\n<span style=\"color: #008000;\">17.02. \/ 14:30 CinemaxX 1<\/span><br \/>\n<span style=\"color: #008000;\">19.02. \/ 13:00 HKW<\/span><br \/>\n<span style=\"color: #008000;\">20.02. \/ 17:30 CinemaxX 1<\/span><\/p>\n<hr \/>\n<p style=\"text-align: center;\"><span style=\"text-decoration: underline;\"><span style=\"color: #008000; text-decoration: underline;\">Br\u00fcder der Nacht<\/span><\/span><br \/>\nBrothers of the Night<\/p>\n<p style=\"text-align: left;\">Austria 2016<br \/>\n88\u00b4<br \/>\nDirector: Patric Chiha<\/p>\n<p><iframe loading=\"lazy\" title=\"Interview with Patric Chiha about &quot;Brothers of the Night&quot;\" width=\"474\" height=\"267\" src=\"https:\/\/www.youtube.com\/embed\/5musQ0a0CGU?feature=oembed\" frameborder=\"0\" allow=\"accelerometer; autoplay; clipboard-write; encrypted-media; gyroscope; picture-in-picture; web-share\" referrerpolicy=\"strict-origin-when-cross-origin\" allowfullscreen><\/iframe><\/p>\n<p style=\"text-align: justify;\">Vienna as a non-stop nocturnal land and doss house, the flip side of its daytime persona, devoid of schmaltzy waltzes and\u2018Mozartkugel\u2019 chocolates. The protagonists of this documentary are young Bulgarian Romani who have wound up in Vienna due to poverty and the need to earn money for their families, and who are now offering their services at a hustler bar called \u2018R\u00fcdiger\u2019 in the working class Margareten district. They wait, smoke, drink, play pool, dance, show off, fool around like young bulls, talk about their meagre excesses, their families and prostitutes, exchange experiences and information about the \u2018bizness\u2019. In the midst of a clash of cultures and traditions, they lead lives caught between worlds, between reality and illusion; transitory, deceptive, and fleeting. Gus Van Sant meets James Bidgood meets Pasolini: Brothers of the Night is a hybrid, imbued with a rich baroque semi-darkness, deliberately and disturbingly oscillating between documentary and dramatised scenes. This is no moralising know-all ballad about hustlers, but rather a tender and empathetic hymn to the grim poetry of survival and the solidarity amongst the ostracised and the outsiders.<\/p>\n<p style=\"text-align: center;\"><a href=\"http:\/\/blog.teddyaward.tv\/en\/wp-content\/uploads\/sites\/4\/2016\/01\/Bru\u0308der-der-Nacht1.jpg\"><img loading=\"lazy\" decoding=\"async\" class=\" size-medium wp-image-1322 aligncenter\" src=\"http:\/\/blog.teddyaward.tv\/en\/wp-content\/uploads\/sites\/4\/2016\/01\/Bru\u0308der-der-Nacht1-300x205.jpg\" alt=\"Bru\u0308der der Nacht(1)\" width=\"300\" height=\"205\" srcset=\"https:\/\/blog.teddyaward.tv\/en\/wp-content\/uploads\/sites\/4\/2016\/01\/Bru\u0308der-der-Nacht1-300x205.jpg 300w, https:\/\/blog.teddyaward.tv\/en\/wp-content\/uploads\/sites\/4\/2016\/01\/Bru\u0308der-der-Nacht1-1024x699.jpg 1024w, https:\/\/blog.teddyaward.tv\/en\/wp-content\/uploads\/sites\/4\/2016\/01\/Bru\u0308der-der-Nacht1.jpg 1552w\" sizes=\"auto, (max-width: 300px) 100vw, 300px\" \/><\/a><\/p>\n<p style=\"text-align: center;\"><span style=\"color: #008000;\">16.02. \/ 20:00 CineStar 7<\/span><br \/>\n<span style=\"color: #008000;\">17.02. \/ 14:30 CineStar 7<\/span><br \/>\n<span style=\"color: #008000;\">18.02. \/ 14:30 Colosseum 1<\/span><br \/>\n<span style=\"color: #008000;\">21.02. \/ 20:00 CineStar 7<\/span><\/p>\n<hr \/>\n<p style=\"text-align: center;\"><span style=\"text-decoration: underline; color: #008000;\">Der Ost-Komplex<br \/>\n<\/span><span style=\"color: #000000;\">The GDR Complex<\/span><\/p>\n<p style=\"text-align: left;\">Germany 2016<br \/>\n90\u00b4<br \/>\nDirector: Jochen Hick<\/p>\n<p><iframe loading=\"lazy\" title=\"Interview with Jochen Hick about &quot;The GDR Complex&quot;\" width=\"474\" height=\"267\" src=\"https:\/\/www.youtube.com\/embed\/8qgGBruCnfc?feature=oembed\" frameborder=\"0\" allow=\"accelerometer; autoplay; clipboard-write; encrypted-media; gyroscope; picture-in-picture; web-share\" referrerpolicy=\"strict-origin-when-cross-origin\" allowfullscreen><\/iframe><\/p>\n<p style=\"text-align: justify;\">Even now, twenty-five years after German reunification, historians are still debating whether the GDR was an illegitimate state. In his current work, Jochen Hick, several of whose films have screened in the Panorama, tells the story of ex-GDR citizen Mario R\u00f6llig. Hick accompanies him as he visits his parents and his former colleagues but also the sites of his attempted flight from the GDR and his incarceration. R\u00f6llig started a relationship with a politician from West Berlin back in 1985 and was arrested in Hungary in 1987 for attempting to flee the German Democratic Republic; in 1988 the Federal Republic of Germany purchased his freedom. Today he regularly talks about his experiences in schools; he also volunteers as a guide at the former Stasi prison in Hohensch\u00f6nhausen in Berlin that is now a memorial. Hick stays close to his subject at all times but remains neutral, instead observing and asking questions from behind the camera. In confrontations with GDR-sympathisers R\u00f6lling is accused of distorting history and it becomes abundantly clear that the battle to have the last word on how the history of the GDR should be interpreted is riddled with taboos and fraught with individual traumas.<\/p>\n<p style=\"text-align: center;\"><a href=\"http:\/\/blog.teddyaward.tv\/en\/wp-content\/uploads\/sites\/4\/2016\/01\/Der-Ost-Komplex1.jpg\"><img loading=\"lazy\" decoding=\"async\" class=\" size-medium wp-image-1349 aligncenter\" src=\"http:\/\/blog.teddyaward.tv\/en\/wp-content\/uploads\/sites\/4\/2016\/01\/Der-Ost-Komplex1-300x205.jpg\" alt=\"Der Ost-Komplex(1)\" width=\"300\" height=\"205\" srcset=\"https:\/\/blog.teddyaward.tv\/en\/wp-content\/uploads\/sites\/4\/2016\/01\/Der-Ost-Komplex1-300x205.jpg 300w, https:\/\/blog.teddyaward.tv\/en\/wp-content\/uploads\/sites\/4\/2016\/01\/Der-Ost-Komplex1-1024x699.jpg 1024w\" sizes=\"auto, (max-width: 300px) 100vw, 300px\" \/><\/a><\/p>\n<p style=\"text-align: center;\"><span style=\"color: #008000;\">13.02. \/ 17:00 International<\/span><br \/>\n<span style=\"color: #008000;\">14.02. \/ 14:30 CineStar 7<\/span><br \/>\n<span style=\"color: #008000;\">15.02. \/ 16:00 Colosseum 1<\/span><br \/>\n<span style=\"color: #008000;\">19.02. \/ 17:00 CineStar 7<\/span><\/p>\n<hr \/>\n<p style=\"text-align: center;\"><span style=\"text-decoration: underline; color: #008000;\">En la azotea<\/span><br \/>\nOn the Roof<\/p>\n<p style=\"text-align: left;\">Spain 2015<br \/>\n12\u00b4<br \/>\nDirector: Dami\u00e0 Serra Cauchetiez<br \/>\nCast: Nil Cardoner, Roger Pr\u00edncep, Biel Estivill, Pol Hinojosa<\/p>\n<p><iframe loading=\"lazy\" title=\"Interview with Dami\u00e0 Serra Cauchetiez about &quot;On the Roof&quot;\" width=\"474\" height=\"267\" src=\"https:\/\/www.youtube.com\/embed\/kO8MHyiQEAM?feature=oembed\" frameborder=\"0\" allow=\"accelerometer; autoplay; clipboard-write; encrypted-media; gyroscope; picture-in-picture; web-share\" referrerpolicy=\"strict-origin-when-cross-origin\" allowfullscreen><\/iframe><\/p>\n<p style=\"text-align: justify;\">The heat\u2019s bearing down on the high-rise rooftops of the suburbs. Every day at the same time, five boys climb to the top of one of them to stare at the house next door. Like clockwork, a woman appears, removes her clothes and proceeds to sunbathe in the nude. But this day something\u2019s different. On the roof next door, a naked man seeks relief from the heat under a hose and one of the boys can\u2019t keep his eyes off of him. His buddies don\u2019t fail to notice.<\/p>\n<p style=\"text-align: center;\"><a href=\"http:\/\/blog.teddyaward.tv\/en\/wp-content\/uploads\/sites\/4\/2016\/01\/En-la-azotea.jpg\"><img loading=\"lazy\" decoding=\"async\" class=\" size-medium wp-image-1323 aligncenter\" src=\"http:\/\/blog.teddyaward.tv\/en\/wp-content\/uploads\/sites\/4\/2016\/01\/En-la-azotea-300x205.jpg\" alt=\"En la azotea\" width=\"300\" height=\"205\" srcset=\"https:\/\/blog.teddyaward.tv\/en\/wp-content\/uploads\/sites\/4\/2016\/01\/En-la-azotea-300x205.jpg 300w, https:\/\/blog.teddyaward.tv\/en\/wp-content\/uploads\/sites\/4\/2016\/01\/En-la-azotea-1024x699.jpg 1024w, https:\/\/blog.teddyaward.tv\/en\/wp-content\/uploads\/sites\/4\/2016\/01\/En-la-azotea.jpg 1552w\" sizes=\"auto, (max-width: 300px) 100vw, 300px\" \/><\/a><\/p>\n<p style=\"text-align: center;\"><span style=\"color: #008000;\">16.02. \/ 15:00 CinemaxX 1<\/span><br \/>\n<span style=\"color: #008000;\">18.02. \/ 15:30 Filmtheater am Friedrichshain<\/span><br \/>\n<span style=\"color: #008000;\">19.02. \/ 17:30 CinemaxX 1<\/span><br \/>\n<span style=\"color: #008000;\">21.02. \/ 16:00 International<\/span><\/p>\n<hr \/>\n<p style=\"text-align: center;\"><span style=\"text-decoration: underline; color: #008000;\">Fugue<\/span><br \/>\nFugue<\/p>\n<p style=\"text-align: left;\">Germany\/ Canada 2015<br \/>\n8\u00b4<br \/>\nDirector: Kerstin Schroedinger<\/p>\n<p style=\"text-align: justify;\">Framed by a grid, an elusive figure performs a number of movements, leaving traces of light on the film emulsion, while short texts are projected onto the figure, obscured by the uneven surface of its body. \u201cIn music, a fugue is defined as a contrapuntal compositional technique in two or more voices. It builds on a motif that is introduced at the beginning in imitation and recurs frequently in the course of the composition. Fugue is a formal and physical experiment in order to understand the relationship between image, sound, and movement. The movements and the setting are informed by motion studies that were conducted and filmed at the beginning of the 20th century with the aim to use film making for analyzing motions of manual mechanized labor as well as concepts of biomechanics that elaborate the relation between body and mind as a form of actor\u2019s training. In the film, the movements that are recorded are also printed on the part of the film strip that is read as optical sound by the light sensitive sensor of the projector. What you hear is what you see. The image recurs as movement and the movement recurs as sound.\u201d Kerstin Schroedinger<\/p>\n<p style=\"text-align: center;\"><a href=\"http:\/\/blog.teddyaward.tv\/en\/wp-content\/uploads\/sites\/4\/2016\/01\/Fugue.jpg\"><img loading=\"lazy\" decoding=\"async\" class=\" size-medium wp-image-1324 aligncenter\" src=\"http:\/\/blog.teddyaward.tv\/en\/wp-content\/uploads\/sites\/4\/2016\/01\/Fugue-300x205.jpg\" alt=\"Fugue\" width=\"300\" height=\"205\" srcset=\"https:\/\/blog.teddyaward.tv\/en\/wp-content\/uploads\/sites\/4\/2016\/01\/Fugue-300x205.jpg 300w, https:\/\/blog.teddyaward.tv\/en\/wp-content\/uploads\/sites\/4\/2016\/01\/Fugue-1024x699.jpg 1024w, https:\/\/blog.teddyaward.tv\/en\/wp-content\/uploads\/sites\/4\/2016\/01\/Fugue.jpg 1552w\" sizes=\"auto, (max-width: 300px) 100vw, 300px\" \/><\/a><\/p>\n<p style=\"text-align: center;\"><span style=\"color: #008000;\">17.02. \/ 20:30 Akademie der K\u00fcnste<\/span><br \/>\n<span style=\"color: #008000;\">18.02. \/ 15:00 Kino Arsenal 1<\/span><\/p>\n<hr \/>\n<p style=\"text-align: center;\"><span style=\"text-decoration: underline; color: #008000;\">Girl Talk<\/span><br \/>\nGirl Talk<\/p>\n<p style=\"text-align: left;\">USA 2015<br \/>\n4\u00b4<br \/>\nDirector:Wu Tsang<br \/>\nCast: Fred Moten<\/p>\n<p style=\"text-align: justify;\">Girl Talk features poet and critical theorist Fred Moten dancing in slow motion, or \u2018dragged time\u2019, to an a cappella rendition of Betty Carter\u2019s jazz standard \u201cGirl Talk\u201d, here reinterpreted and performed by musician Josiah Wise. Wearing a velvet cloak covered in jewels, Moten turns euphorically in a sunlit garden as the crystals adorning his body refract pink, blue, and green rays. In exploring the figure of the drag queen and the mother, Moten and Tsang, poet and artist, remain unfixed in any one persona.<\/p>\n<p style=\"text-align: center;\"><a href=\"http:\/\/blog.teddyaward.tv\/en\/wp-content\/uploads\/sites\/4\/2016\/01\/Girl-Talk.jpg\"><img loading=\"lazy\" decoding=\"async\" class=\" size-medium wp-image-1325 aligncenter\" src=\"http:\/\/blog.teddyaward.tv\/en\/wp-content\/uploads\/sites\/4\/2016\/01\/Girl-Talk-300x205.jpg\" alt=\"Girl Talk\" width=\"300\" height=\"205\" srcset=\"https:\/\/blog.teddyaward.tv\/en\/wp-content\/uploads\/sites\/4\/2016\/01\/Girl-Talk-300x205.jpg 300w, https:\/\/blog.teddyaward.tv\/en\/wp-content\/uploads\/sites\/4\/2016\/01\/Girl-Talk-1024x699.jpg 1024w, https:\/\/blog.teddyaward.tv\/en\/wp-content\/uploads\/sites\/4\/2016\/01\/Girl-Talk.jpg 1552w\" sizes=\"auto, (max-width: 300px) 100vw, 300px\" \/><\/a><\/p>\n<p style=\"text-align: center;\"><span style=\"color: #008000;\">10.02-22.0 2. \/ daily 19:00 \u2013 21:00 Akademie der K\u00fcnste as an Installation<\/span><\/p>\n<hr \/>\n<p style=\"text-align: center;\"><span style=\"text-decoration: underline; color: #008000;\">Inside the Chinese Closet<\/span><br \/>\nInside the Chinese Closet<\/p>\n<p>Netherlands 2015<br \/>\nDirector: Sophia Luvar\u00e0<\/p>\n<p><iframe loading=\"lazy\" title=\"Interview with Sophia Luvar\u00e0 about &quot;Inside the Chinese Closet&quot;\" width=\"474\" height=\"267\" src=\"https:\/\/www.youtube.com\/embed\/EwyN83YM2aU?feature=oembed\" frameborder=\"0\" allow=\"accelerometer; autoplay; clipboard-write; encrypted-media; gyroscope; picture-in-picture; web-share\" referrerpolicy=\"strict-origin-when-cross-origin\" allowfullscreen><\/iframe><\/p>\n<p style=\"text-align: justify;\">Andy\u2019s father knows that his son is gay but, determined to conform to social conventions, he urges him to find a lesbian who is willing to marry him. Cherry has already entered into a bogus marriage, but now her parents expect their only daughter to provide them with a grandchild so that they can finally put an end to their neighbours\u2019 gossiping. In China, gay men and lesbians are under enormous pressure to spare their parents the perceived shame of having an unmarried child without offspring. Homosexuality may no longer be illegal, but understanding for a life lived outside traditional heterosexual norms is rare. Director Sophie Luvar\u00e0 sensitively accompanies Andy and Cherry in their often absurd attempts to do the right thing: bogus gay-lesbian marriage markets, agencies for surrogate mothers, price lists for the adoption of newborns and their constantly carping parents who will simply not let up. Both Cherry and Andy succeed in carving out a little piece of freedom. But they also know that their personal coming out will, in turn, force their parents into a closet, since they do not want to acknowledge their children\u2019s homosexuality in public.<\/p>\n<p style=\"text-align: center;\"><a href=\"http:\/\/blog.teddyaward.tv\/en\/wp-content\/uploads\/sites\/4\/2016\/01\/Inside-the-Chinese-Closet.jpg\"><img loading=\"lazy\" decoding=\"async\" class=\" size-medium wp-image-1326 aligncenter\" src=\"http:\/\/blog.teddyaward.tv\/en\/wp-content\/uploads\/sites\/4\/2016\/01\/Inside-the-Chinese-Closet-300x205.jpg\" alt=\"Inside the Chinese Closet\" width=\"300\" height=\"205\" srcset=\"https:\/\/blog.teddyaward.tv\/en\/wp-content\/uploads\/sites\/4\/2016\/01\/Inside-the-Chinese-Closet-300x205.jpg 300w, https:\/\/blog.teddyaward.tv\/en\/wp-content\/uploads\/sites\/4\/2016\/01\/Inside-the-Chinese-Closet-1024x699.jpg 1024w, https:\/\/blog.teddyaward.tv\/en\/wp-content\/uploads\/sites\/4\/2016\/01\/Inside-the-Chinese-Closet.jpg 1552w\" sizes=\"auto, (max-width: 300px) 100vw, 300px\" \/><\/a><\/p>\n<p style=\"text-align: center;\"><span style=\"color: #008000;\">16.02. \/ 17:00 CineStar 7<\/span><br \/>\n<span style=\"color: #008000;\">17.02. \/ 12:00 CineStar 7<\/span><br \/>\n<span style=\"color: #008000;\">18.02. \/ 17:30 Cubix 7<\/span><br \/>\n<span style=\"color: #008000;\">20.02. \/ 14:30 CineStar 7<\/span><\/p>\n<hr \/>\n<p style=\"text-align: center;\"><span style=\"text-decoration: underline; color: #008000;\">Ja, Olga Hepnarova <\/span><br \/>\nI, Olga Hepnarova<\/p>\n<p style=\"text-align: left;\">Czech Republic\/ Poland\/ Slovakia\/\u00a0 France 2016<br \/>\n105\u00b4<br \/>\nDirector: Tomas Weinreb, Petr Kazda<br \/>\nCast: Michalina Olszanska, Martin Pechlat, Klara Meliskova, Marika Soposka<\/p>\n<p><iframe loading=\"lazy\" title=\"Interview with Petr Kazda and Tom\u00e1s Weinreb about &quot;I, Olga Hepnarov\u00e1&quot;\" width=\"474\" height=\"267\" src=\"https:\/\/www.youtube.com\/embed\/tGqnieEgqwg?feature=oembed\" frameborder=\"0\" allow=\"accelerometer; autoplay; clipboard-write; encrypted-media; gyroscope; picture-in-picture; web-share\" referrerpolicy=\"strict-origin-when-cross-origin\" allowfullscreen><\/iframe><\/p>\n<p style=\"text-align: justify;\">Olga is a complex young woman desperate to break free from her unfeeling family and social conventions. With her Louise Brooks like tomboyish looks she drags herself, chain-smoking, from one job to another until she appears to find her niche as a truck driver. Although she has female lovers she does not form a bond with any of them; instead she clashes, time and again, venting herself in wordless emotional outbursts and other behavioural extremes. Meticulously composed and shot in elegiac black-and-white this film tells the story of the short life of an exceptionally lonely young woman who turns into a mass murderer when, on 10 July 1973 \u2013 as she has just turned 22 \u2013 she drives a rented truck into a group of people, killing eight. In a letter acknowledging her deed she writes that she sought to take revenge on the world and on those she felt hated her. In spite of clear indications that she was mentally ill she was executed \u2013 making her the last woman to be publicly executed in Czechoslovakia. After producing several documentaries and shorts together, this film marks the directors\u2019 first drama. The film is based on a lengthy period of research which culminated initially in a documentary entitled Everything is Crap.<\/p>\n<p style=\"text-align: center;\"><a href=\"http:\/\/blog.teddyaward.tv\/en\/wp-content\/uploads\/sites\/4\/2016\/01\/Ja\u0300-Olga-Hepnarova\u03001.jpg\"><img loading=\"lazy\" decoding=\"async\" class=\" size-medium wp-image-1327 aligncenter\" src=\"http:\/\/blog.teddyaward.tv\/en\/wp-content\/uploads\/sites\/4\/2016\/01\/Ja\u0300-Olga-Hepnarova\u03001-300x205.jpg\" alt=\"Ja\u0300, Olga Hepnarova\u0300(1)\" width=\"300\" height=\"205\" srcset=\"https:\/\/blog.teddyaward.tv\/en\/wp-content\/uploads\/sites\/4\/2016\/01\/Ja\u0300-Olga-Hepnarova\u03001-300x205.jpg 300w, https:\/\/blog.teddyaward.tv\/en\/wp-content\/uploads\/sites\/4\/2016\/01\/Ja\u0300-Olga-Hepnarova\u03001-1024x699.jpg 1024w, https:\/\/blog.teddyaward.tv\/en\/wp-content\/uploads\/sites\/4\/2016\/01\/Ja\u0300-Olga-Hepnarova\u03001.jpg 1552w\" sizes=\"auto, (max-width: 300px) 100vw, 300px\" \/><\/a><\/p>\n<p style=\"text-align: center;\"><span style=\"color: #008000;\">11.02. \/ 21:00 CinemaxX 7<\/span><br \/>\n<span style=\"color: #008000;\">12.02. \/ 22:45 CineStar 3<\/span><br \/>\n<span style=\"color: #008000;\">13.02. \/ 20:15 Cubix 7<\/span><br \/>\n<span style=\"color: #008000;\">13.02. \/ 20:15 Cubix 7<\/span><br \/>\n<span style=\"color: #008000;\">18.02. \/ 14:00 International<\/span><br \/>\n<span style=\"color: #008000;\">21.02. \/ 20:15 Cubix 7<\/span><br \/>\n<span style=\"color: #008000;\">21.02. \/ 20:15 Cubix 7<\/span><\/p>\n<p><iframe loading=\"lazy\" title=\"Interview with Petr Kazda and Tom\u00e1s Weinreb about &quot;I, Olga Hepnarov\u00e1&quot;\" width=\"474\" height=\"267\" src=\"https:\/\/www.youtube.com\/embed\/tGqnieEgqwg?feature=oembed\" frameborder=\"0\" allow=\"accelerometer; autoplay; clipboard-write; encrypted-media; gyroscope; picture-in-picture; web-share\" referrerpolicy=\"strict-origin-when-cross-origin\" allowfullscreen><\/iframe><\/p>\n<hr \/>\n<p style=\"text-align: center;\"><span style=\"text-decoration: underline; color: #008000;\">Jonathan\u00a0<\/span><br \/>\nJonathan<\/p>\n<p style=\"text-align: justify;\">Germany 2016<br \/>\n99\u00b4<br \/>\nDirector: Piotr J. Lewandowski<br \/>\nCast:\u00a0Jannis Niew\u00f6hner, Andr\u00e9 Hennicke, Julia Koschitz, Thomas Sarbacher, Barbara Auer<\/p>\n<p><iframe loading=\"lazy\" title=\"Interview with Piotr Lewandowski about &quot;Jonathan&quot;\" width=\"474\" height=\"267\" src=\"https:\/\/www.youtube.com\/embed\/IWLCluCJFXw?feature=oembed\" frameborder=\"0\" allow=\"accelerometer; autoplay; clipboard-write; encrypted-media; gyroscope; picture-in-picture; web-share\" referrerpolicy=\"strict-origin-when-cross-origin\" allowfullscreen><\/iframe><\/p>\n<p style=\"text-align: justify;\">Jonathan is 23; he and his aunt, Martha, work on their farm. Jonathan also devotes himself to looking after his father Burghardt, who has cancer. But, railing against his own decrepitude that prevents him from a dignified end, his father stubbornly sabotages all of his son\u2019s efforts. Jonathan finds it increasingly difficult to cope until they hire a young carer, Anka, to help. Jonathan and Anka fall in love; her experience of working at a hospice helps Jonathan to gain a new inroad into his father\u2019s situation. When Burghardt\u2019s long-lost boyhood friend Ron appears on the scene his health visibly improves and, although the family sees Ron as an intruder and is against it, Ron continues to stay on to be with Burghardt. Jonathan discovers that, many years ago, his father and Ron were deeply in love. All at once, the fa\u00e7ade of cherished family beliefs crumbles and long-repressed secrets come to light \u2013 but Jonathan also learns how to let go of his father and to accept his death as something that will open up the path towards a self-determined life.<\/p>\n<p style=\"text-align: center;\"><a href=\"http:\/\/blog.teddyaward.tv\/en\/wp-content\/uploads\/sites\/4\/2016\/01\/Jonathan1.jpg\"><img loading=\"lazy\" decoding=\"async\" class=\" size-medium wp-image-1350 aligncenter\" src=\"http:\/\/blog.teddyaward.tv\/en\/wp-content\/uploads\/sites\/4\/2016\/01\/Jonathan1-300x205.jpg\" alt=\"Jonathan(1)\" width=\"300\" height=\"205\" srcset=\"https:\/\/blog.teddyaward.tv\/en\/wp-content\/uploads\/sites\/4\/2016\/01\/Jonathan1-300x205.jpg 300w, https:\/\/blog.teddyaward.tv\/en\/wp-content\/uploads\/sites\/4\/2016\/01\/Jonathan1-1024x699.jpg 1024w\" sizes=\"auto, (max-width: 300px) 100vw, 300px\" \/><\/a><\/p>\n<p style=\"text-align: center;\"><span style=\"color: #008000;\">12.02. \/ 22:30 CinemaxX 7<\/span><br \/>\n<span style=\"color: #008000;\">13.02. \/ 20:15 CineStar 3<\/span><br \/>\n<span style=\"color: #008000;\">14.02. \/ 20:00 Cubix 7<\/span><br \/>\n<span style=\"color: #008000;\">15.02. \/ 22:30 Colosseum 1<\/span><br \/>\n<span style=\"color: #008000;\">17.02. \/ 21:30 Union Filmtheater 1<\/span><br \/>\n<span style=\"color: #008000;\">20.02. \/ 14:00 International<\/span><\/p>\n<hr \/>\n<p style=\"text-align: center;\"><span style=\"text-decoration: underline; color: #008000;\">Jug-yeo-ju-neun Yeo-ja<\/span><br \/>\nThe Bacchus Lady<\/p>\n<p style=\"text-align: justify;\">South Corea 2016<br \/>\n110\u00b4<br \/>\nDirector: E J-yong<br \/>\nCast: Youn Yuh-jung, Chon Moo-song, Yoon Kye-sang, An A-zu, Choi Hyun-jun<\/p>\n<p><iframe loading=\"lazy\" title=\"Interview with Yoon Kye-sang, E J-yong and Yoon Yeo-jeong about &quot;The Bacchus Lady&quot;\" width=\"474\" height=\"267\" src=\"https:\/\/www.youtube.com\/embed\/-96zjgliYA8?feature=oembed\" frameborder=\"0\" allow=\"accelerometer; autoplay; clipboard-write; encrypted-media; gyroscope; picture-in-picture; web-share\" referrerpolicy=\"strict-origin-when-cross-origin\" allowfullscreen><\/iframe><\/p>\n<p style=\"text-align: justify;\">Youn So-young has contracted gonorrhoea. \u2018Make me well again quickly\u2019 she tells her gynaecologist, because she wants to get back to work. In a park in Seoul, this senior citizen manages to scrape together just enough money as a \u2018Bacchus lady\u2019 to avoid begging. \u2018Bacchus ladies\u2019 are elderly women who sell a popular soft drink containing taurine known as \u2018Bacchus\u2019 and offer sexual services on the side. Korea\u2019s rapidly ageing society barely has any money left for its pensioners and poverty among the elderly is soaring. When little Min-ho\u2019s mother is detained by the police, So-young takes him in. The boy, who only speaks Filipino, experiences a rather unique sort of patchwork family in this courtyard peopled, alongside So-young, by her transgender neighbour and a one-legged young man. Many of So-young\u2019s aged former clients and friends can no longer see a way out of their situation. One after the other, they ask this laconic lady, who for years has been harbouring a secret, for one last favour.<\/p>\n<p style=\"text-align: center;\"><a href=\"http:\/\/blog.teddyaward.tv\/en\/wp-content\/uploads\/sites\/4\/2016\/01\/Jug-yeo-ju-neun-Yeo-ja.jpg\"><img loading=\"lazy\" decoding=\"async\" class=\" size-medium wp-image-1351 aligncenter\" src=\"http:\/\/blog.teddyaward.tv\/en\/wp-content\/uploads\/sites\/4\/2016\/01\/Jug-yeo-ju-neun-Yeo-ja-300x205.jpg\" alt=\"Jug-yeo-ju-neun Yeo-ja\" width=\"300\" height=\"205\" srcset=\"https:\/\/blog.teddyaward.tv\/en\/wp-content\/uploads\/sites\/4\/2016\/01\/Jug-yeo-ju-neun-Yeo-ja-300x205.jpg 300w, https:\/\/blog.teddyaward.tv\/en\/wp-content\/uploads\/sites\/4\/2016\/01\/Jug-yeo-ju-neun-Yeo-ja-1024x699.jpg 1024w, https:\/\/blog.teddyaward.tv\/en\/wp-content\/uploads\/sites\/4\/2016\/01\/Jug-yeo-ju-neun-Yeo-ja.jpg 1685w\" sizes=\"auto, (max-width: 300px) 100vw, 300px\" \/><\/a><\/p>\n<p style=\"text-align: center;\"><span style=\"color: #008000;\">12.02. \/ 20:00 CinemaxX 7<\/span><br \/>\n<span style=\"color: #008000;\">13.02. \/ 18:30 Il KINO<\/span><br \/>\n<span style=\"color: #008000;\">13.02. \/ 22:45 CineStar 3<\/span><br \/>\n<span style=\"color: #008000;\">14.02. \/ 22:30 Cubix 7<\/span><br \/>\n<span style=\"color: #008000;\">17.02. \/ 17:45 CineStar 3<\/span><br \/>\n<span style=\"color: #008000;\">20.02. \/ 17:00 International<\/span><\/p>\n<hr \/>\n<p style=\"text-align: center;\"><span style=\"text-decoration: underline; color: #008000;\">Kater<\/span><br \/>\nTomcat<\/p>\n<p style=\"text-align: justify;\">Austria 2016<br \/>\n114\u00b4<br \/>\nDirector: H\u00e4ndl Klaus<br \/>\nCast: Lukas Turtur, Philipp Hochmair, Toni, Thomas Stipsits<\/p>\n<p><iframe loading=\"lazy\" title=\"Interview with Philipp Hochmair and H\u00e4ndl Klaus about &quot;Tomcat&quot;\" width=\"474\" height=\"267\" src=\"https:\/\/www.youtube.com\/embed\/Kka8227wjOY?feature=oembed\" frameborder=\"0\" allow=\"accelerometer; autoplay; clipboard-write; encrypted-media; gyroscope; picture-in-picture; web-share\" referrerpolicy=\"strict-origin-when-cross-origin\" allowfullscreen><\/iframe><\/p>\n<p style=\"text-align: justify;\">Andreas and Stefan live a blissful existence together with their tomcat, Moses. They inhabit a beautiful old house in the vineyards near Vienna and work in the same orchestra as manager and musician. Their passion for music, their large circle of friends and colleagues and their furry companion define the daily lives of the two men. But one morning an unexpected outburst of violence from Stefan shakes their harmonious relationship to its core. From this moment on, scepticism and alienation define their cohabitation and represent an almost insurmountable obstacle. While Stefan is losing the ground beneath his feet, Andreas struggles with his mistrust and his love for Stefan. Following his award-winning debut M\u00e4rz (March), in his second film H\u00e4ndl Klaus portrays the expulsion of two lovers from paradise. Demonstrating exceptional sensitivity for the male psyche and for the blind spots in all our personalities, this artistic and poetic ballad tells of the fragility of love. Actors Philipp Hochmair and Lukas Turtur are both born theatre thespians and their naturalistic screen performances are impressive.<\/p>\n<p style=\"text-align: center;\"><a href=\"http:\/\/blog.teddyaward.tv\/en\/wp-content\/uploads\/sites\/4\/2016\/01\/Kater.jpg\"><img loading=\"lazy\" decoding=\"async\" class=\" size-medium wp-image-1352 aligncenter\" src=\"http:\/\/blog.teddyaward.tv\/en\/wp-content\/uploads\/sites\/4\/2016\/01\/Kater-300x205.jpg\" alt=\"Kater\" width=\"300\" height=\"205\" srcset=\"https:\/\/blog.teddyaward.tv\/en\/wp-content\/uploads\/sites\/4\/2016\/01\/Kater-300x205.jpg 300w, https:\/\/blog.teddyaward.tv\/en\/wp-content\/uploads\/sites\/4\/2016\/01\/Kater-1024x698.jpg 1024w\" sizes=\"auto, (max-width: 300px) 100vw, 300px\" \/><\/a><\/p>\n<p style=\"text-align: center;\"><span style=\"color: #008000;\">13.02. \/ 20:00 International<\/span><br \/>\n<span style=\"color: #008000;\">14.02. \/ 17:30 CineStar 3<\/span><br \/>\n<span style=\"color: #008000;\">15.02. \/ 22:30 Cubix 7<\/span><br \/>\n<span style=\"color: #008000;\">18.02. \/ 22:00 Zoo Palast 2<\/span><br \/>\n<span style=\"color: #008000;\">20.02. \/ 22:30 Colosseum 1<\/span><\/p>\n<hr \/>\n<p style=\"text-align: center;\"><span style=\"text-decoration: underline; color: #008000;\">Kiki<\/span><br \/>\nKiki<\/p>\n<p style=\"text-align: left;\">Sweden\/ USA 2016<br \/>\n95\u00b4<br \/>\nDirector: Sara Jorden\u00f6<\/p>\n<p style=\"text-align: justify;\">Twenty-five years after Paris is Burning, the 1991 Teddy Award-winning film that brought Berlinale audiences closer to New York\u2019s ballroom scene, Kiki provides an insight into the world of today\u2019s young black LGBT community, by taking a look at the balls where participants of voguing competitions compete for trophies, and by listening to proponents talking about their dreams and their lives. In contrast to the time when Paris is Burning was made, these balls are no longer born of a subculture but are instead organised by queer youth welfare organisations. The enlightened manner in which the young people discuss gender-political questions today and how naturally they use terms such as heteronormativity and gender deconstruction is striking. The city, the social structures and the gender-political consciousness may have changed since the 1980s but what remains is the desire for acceptance and a safe place to celebrate one\u2019s individuality. Even if coming out would seem to be easier today for some of the protagonists and same-sex marriages are now legalised in the US, co-writer Twiggy Pucci Gar\u00e7on puts it straight: \u201cThere is so much left to fight for.\u201d<\/p>\n<p style=\"text-align: center;\"><a href=\"http:\/\/blog.teddyaward.tv\/en\/wp-content\/uploads\/sites\/4\/2016\/01\/Kiki.jpg\"><img loading=\"lazy\" decoding=\"async\" class=\" size-medium wp-image-1328 aligncenter\" src=\"http:\/\/blog.teddyaward.tv\/en\/wp-content\/uploads\/sites\/4\/2016\/01\/Kiki-300x205.jpg\" alt=\"Kiki\" width=\"300\" height=\"205\" srcset=\"https:\/\/blog.teddyaward.tv\/en\/wp-content\/uploads\/sites\/4\/2016\/01\/Kiki-300x205.jpg 300w, https:\/\/blog.teddyaward.tv\/en\/wp-content\/uploads\/sites\/4\/2016\/01\/Kiki-1024x699.jpg 1024w, https:\/\/blog.teddyaward.tv\/en\/wp-content\/uploads\/sites\/4\/2016\/01\/Kiki.jpg 1552w\" sizes=\"auto, (max-width: 300px) 100vw, 300px\" \/><\/a><\/p>\n<p style=\"text-align: center;\"><span style=\"color: #008000;\">12.02. \/ 22:30 CineStar 7<\/span><br \/>\n<span style=\"color: #008000;\">13.02. \/ 16:00 Colosseum 1<\/span><br \/>\n<span style=\"color: #008000;\">18.02. \/ 20:00 CineStar 7<\/span><br \/>\n<span style=\"color: #008000;\">19.02. \/ 14:30 CineStar 7<\/span><br \/>\n<span style=\"color: #008000;\">20.02. \/ 17:30 Cubix 7<\/span><\/p>\n<hr \/>\n<p style=\"text-align: center;\"><span style=\"text-decoration: underline; color: #008000;\">Liebmann<\/span><br \/>\nLiebmann<\/p>\n<p style=\"text-align: justify;\">Germany 2016<br \/>\n82\u00b4<br \/>\nDirector: Jules Herrmann<br \/>\nCast: Godehard Giese, Adeline Moreau, Fabien Ara, Bettina Grahs<\/p>\n<p><iframe loading=\"lazy\" title=\"Interview with Jules Herrmann about &quot;Liebmann&quot;\" width=\"474\" height=\"267\" src=\"https:\/\/www.youtube.com\/embed\/qhpT578HuV0?feature=oembed\" frameborder=\"0\" allow=\"accelerometer; autoplay; clipboard-write; encrypted-media; gyroscope; picture-in-picture; web-share\" referrerpolicy=\"strict-origin-when-cross-origin\" allowfullscreen><\/iframe><\/p>\n<p style=\"text-align: justify;\">Teacher Antek Liebmann leaves his life in Germany behind and rents a place in summery northern France. He learns from his landlord that a murderer is striking terror in the surrounding woods. Following a dark premonition, Antek is drawn into the undergrowth on one of his walks where he makes a dangerous discovery. He befriends his attractive neighbour Genevi\u00e8ve and the cheery S\u00e9bastien. No one realises that Antek has left behind a terrible secret in his own country. Only the discovery of a mysterious property to which Genevi\u00e8ve takes him and the possibility of a new romantic relationship present Antek with a way out of the darkness. But before he can begin a new life he must confront the ghosts of his past, conjure them up and exorcise them. The storytelling is like the feathers of a peacock, oscillating between unobtrusive glimmering and striking iridescence. And so gentle summer days slide into night-time terrors or vanish in short flights of fancy into parallel worlds.<\/p>\n<p style=\"text-align: center;\"><a href=\"http:\/\/blog.teddyaward.tv\/en\/wp-content\/uploads\/sites\/4\/2016\/01\/Liebmann.jpg\"><img loading=\"lazy\" decoding=\"async\" class=\" size-medium wp-image-1353 aligncenter\" src=\"http:\/\/blog.teddyaward.tv\/en\/wp-content\/uploads\/sites\/4\/2016\/01\/Liebmann-300x205.jpg\" alt=\"Liebmann\" width=\"300\" height=\"205\" srcset=\"https:\/\/blog.teddyaward.tv\/en\/wp-content\/uploads\/sites\/4\/2016\/01\/Liebmann-300x205.jpg 300w, https:\/\/blog.teddyaward.tv\/en\/wp-content\/uploads\/sites\/4\/2016\/01\/Liebmann-1024x698.jpg 1024w, https:\/\/blog.teddyaward.tv\/en\/wp-content\/uploads\/sites\/4\/2016\/01\/Liebmann.jpg 1553w\" sizes=\"auto, (max-width: 300px) 100vw, 300px\" \/><\/a><\/p>\n<p style=\"text-align: center;\"><span style=\"color: #008000;\">16.02.\/ 19:30 CinemaxX 3<\/span><br \/>\n<span style=\"color: #008000;\">17.02. \/ 12:00 Colosseum 1<\/span><br \/>\n<span style=\"color: #008000;\">17.02. \/ 20:30 CinemaxX 1<\/span><\/p>\n<hr \/>\n<p style=\"text-align: center;\"><span style=\"text-decoration: underline; color: #008000;\">Little Men<\/span><br \/>\nLittle Men<\/p>\n<p style=\"text-align: left;\">USA 2016<br \/>\n85\u00b4<br \/>\nDirector: Ira Sachs<br \/>\nCast: Greg Kinnear, Paulina Garcia, Jennifer Ehle, Theo Taplitz, Michael Barbieri<\/p>\n<p><iframe loading=\"lazy\" title=\"Interview with Ira Sachs about &quot;Little Men&quot;:\" width=\"474\" height=\"267\" src=\"https:\/\/www.youtube.com\/embed\/7zCdVJwNoy8?feature=oembed\" frameborder=\"0\" allow=\"accelerometer; autoplay; clipboard-write; encrypted-media; gyroscope; picture-in-picture; web-share\" referrerpolicy=\"strict-origin-when-cross-origin\" allowfullscreen><\/iframe><\/p>\n<p style=\"text-align: justify;\">\u00abWhy they\u2019re still mad on us?\u00bb \u00b7 \u00abOur parents are involved in a business matter and it\u2019s getting ugly. So they\u2019re taking it out on us.\u00bb Summer in Brooklyn. Jake\u2019s parents have just moved into the house that used to belong to his grandfather. Tony\u2019s mother has been renting the shop on the ground floor forever. The two 13-year-olds quickly discover their shared interest in art, computer games and girls. Together, they dream of transferring to the renowned La Guardia High School in the autumn. Soon they become allies, not only against the other boys on the block, but also when it comes to the rent dispute between their parents. Attempting to stem the inexorable effect the adult world is having on their genuine friendship, they stage a headstrong protest. Once again renowned Indie director Ira Sachs intuitively explores the family and moral conflicts with emotional depth.<\/p>\n<p style=\"text-align: center;\"><a href=\"http:\/\/blog.teddyaward.tv\/en\/wp-content\/uploads\/sites\/4\/2016\/01\/Little-Men.jpg\"><img loading=\"lazy\" decoding=\"async\" class=\" size-medium wp-image-1329 aligncenter\" src=\"http:\/\/blog.teddyaward.tv\/en\/wp-content\/uploads\/sites\/4\/2016\/01\/Little-Men-300x205.jpg\" alt=\"Little Men\" width=\"300\" height=\"205\" srcset=\"https:\/\/blog.teddyaward.tv\/en\/wp-content\/uploads\/sites\/4\/2016\/01\/Little-Men-300x205.jpg 300w, https:\/\/blog.teddyaward.tv\/en\/wp-content\/uploads\/sites\/4\/2016\/01\/Little-Men-1024x699.jpg 1024w, https:\/\/blog.teddyaward.tv\/en\/wp-content\/uploads\/sites\/4\/2016\/01\/Little-Men.jpg 1552w\" sizes=\"auto, (max-width: 300px) 100vw, 300px\" \/><\/a><\/p>\n<p style=\"text-align: center;\"><span style=\"color: #008000;\">13.02. \/ 15:30 Zoo Palast 1<\/span><br \/>\n<span style=\"color: #008000;\">14.02. \/ 14:00 CinemaxX 3<\/span><br \/>\n<span style=\"color: #008000;\">16.02. \/ 20:00 International<\/span><br \/>\n<span style=\"color: #008000;\">20.02. \/ 17:00 Cubix 9<\/span><br \/>\n<span style=\"color: #008000;\">21.02. \/ 10:00 HKW<\/span><\/p>\n<hr \/>\n<p style=\"text-align: center;\"><span style=\"text-decoration: underline; color: #008000;\">M\u00e3e s\u00f3 h\u00e1 uma <\/span><br \/>\nDon\u00b4t Call me Son<\/p>\n<p style=\"text-align: left;\">Brazil 2016<br \/>\n82\u00b4<br \/>\nDirector: Anna Muylaert<br \/>\nCast: Naomi Nero, Dani Nefussi, Matheus Natchergaele, Daniel Botelho, Luciana Paes<\/p>\n<p style=\"text-align: justify;\">Pierre is seventeen and in the middle of puberty. He plays in a band, has sex at parties and secretly tries on women\u2019s clothing and lipstick in front of a mirror. Ever since his father\u2019s death, his mother Aracy has looked after him and his younger sister Jacqueline, spoiling them both. But when he discovers that she stole him from a hospital when he was a new born baby, Pierre\u2019s life changes dramatically. Overnight, his world falls apart and his mother Aracy is arrested. His biological parents Gloria and Matheus have spent seventeen years searching for him; they are now desperate to make up for the lost years and spend time with their eldest son, whom they call Felipe. Observed from a critical distance by his younger brother Joca, Pierre\/Felipe moves in with his well-heeled new family, who are determined to mould him according to their ideals. But Pierre has his own designs for his life. Director Anna Muylaert won the Panorama Audience Award in 2015 for Que horas ela volta? (The Second Mother). In her new work she explores the mother-child relationship through the eyes of a rebellious son whose whole world unravels overnight.<\/p>\n<p style=\"text-align: center;\"><a href=\"http:\/\/blog.teddyaward.tv\/en\/wp-content\/uploads\/sites\/4\/2016\/01\/Ma\u0303e-so\u0301-ha\u0301-uma.jpg\"><img loading=\"lazy\" decoding=\"async\" class=\" size-medium wp-image-1330 aligncenter\" src=\"http:\/\/blog.teddyaward.tv\/en\/wp-content\/uploads\/sites\/4\/2016\/01\/Ma\u0303e-so\u0301-ha\u0301-uma-300x205.jpg\" alt=\"Ma\u0303e so\u0301 ha\u0301 uma\" width=\"300\" height=\"205\" srcset=\"https:\/\/blog.teddyaward.tv\/en\/wp-content\/uploads\/sites\/4\/2016\/01\/Ma\u0303e-so\u0301-ha\u0301-uma-300x205.jpg 300w, https:\/\/blog.teddyaward.tv\/en\/wp-content\/uploads\/sites\/4\/2016\/01\/Ma\u0303e-so\u0301-ha\u0301-uma-1024x699.jpg 1024w, https:\/\/blog.teddyaward.tv\/en\/wp-content\/uploads\/sites\/4\/2016\/01\/Ma\u0303e-so\u0301-ha\u0301-uma.jpg 1552w\" sizes=\"auto, (max-width: 300px) 100vw, 300px\" \/><\/a><\/p>\n<p style=\"text-align: center;\"><span style=\"color: #008000;\">12.02. \/ 19:30 Zoo Palast 2<\/span><br \/>\n<span style=\"color: #008000;\">13.02. \/ 22:00 Zoo Palast 2<\/span><br \/>\n<span style=\"color: #008000;\">17.02. \/ 22:30 Colosseum 1<\/span><br \/>\n<span style=\"color: #008000;\">19.02. \/ 20:00 CinemaxX 7<\/span><br \/>\n<span style=\"color: #008000;\">20.02. \/ 12:30 CinemaxX 7<\/span><\/p>\n<hr \/>\n<p style=\"text-align: center;\"><span style=\"text-decoration: underline; color: #008000;\">Mamma vet b\u00e4st<\/span><br \/>\nMother knows best<\/p>\n<p style=\"text-align: justify;\">Sweden 2016<br \/>\n12\u00b4<br \/>\nDirector: Mikael Bundsen<br \/>\nCast: Alexander Gustavsson, Hanna Ullerstam, Karl-Erik Franz\u00e9n<\/p>\n<p><iframe loading=\"lazy\" title=\"Interview with Mikael Bundsen about &quot;Mother knows best&quot;\" width=\"474\" height=\"267\" src=\"https:\/\/www.youtube.com\/embed\/9BmEKclxVm4?feature=oembed\" frameborder=\"0\" allow=\"accelerometer; autoplay; clipboard-write; encrypted-media; gyroscope; picture-in-picture; web-share\" referrerpolicy=\"strict-origin-when-cross-origin\" allowfullscreen><\/iframe><\/p>\n<p style=\"text-align: justify;\">So, he\u2019s gay. This evening he\u2019s introduced his boyfriend to his mum and later kissed him passionately goodbye in the car. He\u2019s fortunate to have such an open-minded mother \u2013 not everyone is as lucky. But she thinks it\u2019s best that he doesn\u2019t tell his father yet. And he certainly shouldn\u2019t make it known in public that he\u2019s gay. A lot of people are prejudiced. Not everyone is as understanding as his mother.<\/p>\n<p style=\"text-align: center;\"><a href=\"http:\/\/blog.teddyaward.tv\/en\/wp-content\/uploads\/sites\/4\/2016\/01\/Mamma-vet-ba\u0308st.jpg\"><img loading=\"lazy\" decoding=\"async\" class=\" size-medium wp-image-1331 aligncenter\" src=\"http:\/\/blog.teddyaward.tv\/en\/wp-content\/uploads\/sites\/4\/2016\/01\/Mamma-vet-ba\u0308st-300x205.jpg\" alt=\"Mamma vet ba\u0308st\" width=\"300\" height=\"205\" srcset=\"https:\/\/blog.teddyaward.tv\/en\/wp-content\/uploads\/sites\/4\/2016\/01\/Mamma-vet-ba\u0308st-300x205.jpg 300w, https:\/\/blog.teddyaward.tv\/en\/wp-content\/uploads\/sites\/4\/2016\/01\/Mamma-vet-ba\u0308st-1024x699.jpg 1024w, https:\/\/blog.teddyaward.tv\/en\/wp-content\/uploads\/sites\/4\/2016\/01\/Mamma-vet-ba\u0308st.jpg 1552w\" sizes=\"auto, (max-width: 300px) 100vw, 300px\" \/><\/a><\/p>\n<p style=\"text-align: center;\"><span style=\"color: #008000;\">15.02. \/ 17:00 CinemaxX 1<\/span><br \/>\n<span style=\"color: #008000;\">17.02. \/ 17:30 CinemaxX 1<\/span><br \/>\n<span style=\"color: #008000;\">18.02. \/ 13:00 HKW<\/span><br \/>\n<span style=\"color: #008000;\">20.02. \/ 14:30 CinemaxX 1<\/span><br \/>\n<span style=\"color: #008000;\">21.02. \/ 16:00 CinemaxX 5<\/span><\/p>\n<hr \/>\n<p style=\"text-align: center;\"><span style=\"text-decoration: underline; color: #008000;\">Mapplethorpe: Look at the Pictures<\/span><br \/>\nMapplethorpe: Look at the Pictures<\/p>\n<p style=\"text-align: justify;\">USA\/ Germany 2016<br \/>\n108\u00b4<br \/>\nDirector: Fenton Bailey, Randy Barbato<br \/>\nCast: Robert Mapplethorpe, Edward Mapplethorpe, Debbie Harry, Patti Smith, Gloria von Thurn und Taxis, Brooke Shields, Fran Lebowitz, Brice Marden<\/p>\n<p><iframe loading=\"lazy\" title=\"Interview about &quot;Mapplethorpe: Look at the Pictures&quot;\" width=\"474\" height=\"267\" src=\"https:\/\/www.youtube.com\/embed\/KjT_0i30xdw?feature=oembed\" frameborder=\"0\" allow=\"accelerometer; autoplay; clipboard-write; encrypted-media; gyroscope; picture-in-picture; web-share\" referrerpolicy=\"strict-origin-when-cross-origin\" allowfullscreen><\/iframe><\/p>\n<p style=\"text-align: justify;\">He was a catalyst and an illuminator, but also a magnet for scandal. From an early age Robert Mapplethorpe had but one goal which he single-mindedly pursued: to \u2018make it\u2019 not just as an artist but also as an art celebrity. He could not have picked a better time: it is the Manhattan of Warhol\u2019s Factory, of Studio 54 and, following the Stonewall riots, an era of unbridled hedonistic sexuality. His first solo exhibition in 1976 already unveils his topics: erotic depictions, flowers and portraits. He is gaining notoriety through his series of explicitly sexual photographs from the gay sadomasochistic scene as well as nude pictures of black men. Fenton Bailey and Randy Barbato, who took part in the Panorama in 2003 and 2005, were given unrestricted access to Mapplethorpe\u2019s archives for their documentary Mapplethorpe: Look at the Pictures in which this exceptional artist talks candidly about himself in recently discovered interviews. At the same time, the testimonials of friends, lovers, family members, celebrities and models help paint quite a critical picture of this complex key figure of twentieth century photography.<\/p>\n<p style=\"text-align: center;\"><a href=\"http:\/\/blog.teddyaward.tv\/en\/wp-content\/uploads\/sites\/4\/2016\/01\/Mapplethorpe.jpg\"><img loading=\"lazy\" decoding=\"async\" class=\" size-medium wp-image-1332 aligncenter\" src=\"http:\/\/blog.teddyaward.tv\/en\/wp-content\/uploads\/sites\/4\/2016\/01\/Mapplethorpe-300x205.jpg\" alt=\"Mapplethorpe\" width=\"300\" height=\"205\" srcset=\"https:\/\/blog.teddyaward.tv\/en\/wp-content\/uploads\/sites\/4\/2016\/01\/Mapplethorpe-300x205.jpg 300w, https:\/\/blog.teddyaward.tv\/en\/wp-content\/uploads\/sites\/4\/2016\/01\/Mapplethorpe-1024x699.jpg 1024w, https:\/\/blog.teddyaward.tv\/en\/wp-content\/uploads\/sites\/4\/2016\/01\/Mapplethorpe.jpg 1552w\" sizes=\"auto, (max-width: 300px) 100vw, 300px\" \/><\/a><\/p>\n<p style=\"text-align: center;\"><span style=\"color: #008000;\">14.02. \/ 17:00 International<\/span><br \/>\n<span style=\"color: #008000;\">15.02. \/ 14:30 CineStar 7<\/span><br \/>\n<span style=\"color: #008000;\">16.02. \/ 14:30 Colosseum 1<\/span><br \/>\n<span style=\"color: #008000;\">20.02. \/ 22:30 CineStar 7<\/span><\/p>\n<hr \/>\n<p style=\"text-align: center;\"><span style=\"text-decoration: underline; color: #008000;\">Moms On Fire<\/span><br \/>\n<span style=\"color: #000000;\">Moms On Fire<\/span><\/p>\n<p style=\"text-align: left;\">Sweden 2016<br \/>\n12\u00b4<br \/>\nDirector: Joanna Rytel<\/p>\n<p><iframe loading=\"lazy\" title=\"Interview with Joanna Rytel about &quot;Moms on Fire&quot;\" width=\"474\" height=\"267\" src=\"https:\/\/www.youtube.com\/embed\/5wUfqXDAOa0?feature=oembed\" frameborder=\"0\" allow=\"accelerometer; autoplay; clipboard-write; encrypted-media; gyroscope; picture-in-picture; web-share\" referrerpolicy=\"strict-origin-when-cross-origin\" allowfullscreen><\/iframe><\/p>\n<p style=\"text-align: justify;\">An ordinary neighbourhood in an ordinary town. Two women sit on a sofa and scratch their pregnant bellies. Four days till the due date. The situation is as unbearable as it is unavoidable. It\u2019s simply intolerable. Masturbation isn\u2019t an option, the clitoris can\u2019t even be reached, and the boyfriend is absent, but he\u2019s boring anyway. The only advantage in having another child is that one no longer has to play with the first one. Artist and filmmaker Joanna Rytel uses claymation to candidly address questions and situations that usually go unnoticed.<\/p>\n<p style=\"text-align: center;\"><a href=\"http:\/\/blog.teddyaward.tv\/en\/wp-content\/uploads\/sites\/4\/2016\/01\/Moms-On-Fire.jpg\"><img loading=\"lazy\" decoding=\"async\" class=\" size-medium wp-image-1333 aligncenter\" src=\"http:\/\/blog.teddyaward.tv\/en\/wp-content\/uploads\/sites\/4\/2016\/01\/Moms-On-Fire-300x205.jpg\" alt=\"Moms On Fire\" width=\"300\" height=\"205\" srcset=\"https:\/\/blog.teddyaward.tv\/en\/wp-content\/uploads\/sites\/4\/2016\/01\/Moms-On-Fire-300x205.jpg 300w, https:\/\/blog.teddyaward.tv\/en\/wp-content\/uploads\/sites\/4\/2016\/01\/Moms-On-Fire-1024x699.jpg 1024w, https:\/\/blog.teddyaward.tv\/en\/wp-content\/uploads\/sites\/4\/2016\/01\/Moms-On-Fire.jpg 1552w\" sizes=\"auto, (max-width: 300px) 100vw, 300px\" \/><\/a><\/p>\n<p style=\"text-align: center;\"><span style=\"color: #008000;\">16.02. \/ 16:00 CinemaxX 5<\/span><br \/>\n<span style=\"color: #008000;\">17.02. \/ 17:00 Colosseum 1<\/span><br \/>\n<span style=\"color: #008000;\">19.02. \/ 22:00 CinemaxX 3<\/span><br \/>\n<span style=\"color: #008000;\">21.02. \/ 16:00 International<\/span><\/p>\n<hr \/>\n<p style=\"text-align: center;\"><span style=\"text-decoration: underline; color: #008000;\">Nunca vas a estar solo<\/span><br \/>\nYou&#8217;ll Never Be Alone<\/p>\n<p style=\"text-align: justify;\">Chile 2016<br \/>\n82\u00b4<br \/>\nDirector: Alex Anwandter<br \/>\nCast: With Sergio Hernandez, Andrew Bargsted, Jaime Leiva, Benjamin Westfall, Antonia Zegers<\/p>\n<p><iframe loading=\"lazy\" title=\"Interview with Alex Anwandter about &quot;You will never be alone&quot;\" width=\"474\" height=\"267\" src=\"https:\/\/www.youtube.com\/embed\/VSB3sbmoSM0?feature=oembed\" frameborder=\"0\" allow=\"accelerometer; autoplay; clipboard-write; encrypted-media; gyroscope; picture-in-picture; web-share\" referrerpolicy=\"strict-origin-when-cross-origin\" allowfullscreen><\/iframe><\/p>\n<p style=\"text-align: justify;\">Introverted Juan, manager of a mannequin factory, lives alone with his eighteen-year-old gay son, Pablo. Whilst Pablo blithely studies dance, Juan is hoping that, after twenty-five years at the firm, his boss will consider him for a partnership. When Pablo is badly wounded in a brutal homophobic attack which sees him hospitalised, his father realises just how far they have become estranged. A lack of witnesses and expensive medical bills force Juan to leave the quiet stability of his life for good and reposition himself in a world where there is discrimination. Time and again his efforts come to nought, until one night on the streets of Santiago he makes up his own rules in order to save his son. In March 2012 the murder of an openly gay Chilean man, Daniel Zamudio, by neo-Nazis, shocked the whole of Latin America. This incident inspired Alex Anwandter to make his impressively multi-layered debut. Demonstrating great sensitivity, he traces in the figure of the reclusive father the enormous pressure that exists to adhere to the fixed norms of masculinity \u2013 only to dissolve these norms in Pablo\u2019s dream of living a life that is vibrantly queer.<\/p>\n<p style=\"text-align: center;\"><a href=\"http:\/\/blog.teddyaward.tv\/en\/wp-content\/uploads\/sites\/4\/2016\/01\/Nunca-vas-a-estar-solo.jpg\"><img loading=\"lazy\" decoding=\"async\" class=\" size-medium wp-image-1334 aligncenter\" src=\"http:\/\/blog.teddyaward.tv\/en\/wp-content\/uploads\/sites\/4\/2016\/01\/Nunca-vas-a-estar-solo-300x205.jpg\" alt=\"Nunca vas a estar solo\" width=\"300\" height=\"205\" srcset=\"https:\/\/blog.teddyaward.tv\/en\/wp-content\/uploads\/sites\/4\/2016\/01\/Nunca-vas-a-estar-solo-300x205.jpg 300w, https:\/\/blog.teddyaward.tv\/en\/wp-content\/uploads\/sites\/4\/2016\/01\/Nunca-vas-a-estar-solo-1024x699.jpg 1024w, https:\/\/blog.teddyaward.tv\/en\/wp-content\/uploads\/sites\/4\/2016\/01\/Nunca-vas-a-estar-solo.jpg 1552w\" sizes=\"auto, (max-width: 300px) 100vw, 300px\" \/><\/a><\/p>\n<p style=\"text-align: center;\"><span style=\"color: #008000;\">13.02. \/ 22:30 Cubix 7<\/span><br \/>\n<span style=\"color: #008000;\">16.02. \/ 20:00 CinemaxX 7<\/span><br \/>\n<span style=\"color: #008000;\">17.02. \/ 22:45 CineStar 3<\/span><br \/>\n<span style=\"color: #008000;\">18.02. \/ 20:15 Cubix 7<\/span><br \/>\n<span style=\"color: #008000;\">19.02. \/ 22:30 CinemaxX 7<\/span><\/p>\n<hr \/>\n<p style=\"text-align: center;\"><span style=\"text-decoration: underline; color: #008000;\">O noapte in Tokoriki <\/span><br \/>\nA night in Tokoriki<\/p>\n<p style=\"text-align: justify;\">Romania 2016<br \/>\n18\u00b4<br \/>\nDirector: Roxana Stroe<br \/>\nCast: Cristian Priboi, Cristian Bota, Iulia Ciochina<\/p>\n<p>https:\/\/youtu.be\/YIqGjrLVE3U<\/p>\n<p style=\"text-align: justify;\">There\u2019s a party in the Tokoriki nightclub. It\u2019s Geanina\u2019s 18th birthday and the whole village is there. The neon palm is lit up and the DJ is wearing his golden shirt. Alin and his friends ride up in style in the horse-drawn cart and take over the dance floor. But Alin seems to have something on his mind. His eyes sparkle when he sets eyes on Geanina, which doesn\u2019t escape her boyfriend\u2019s attention. Emotions are running high. Will there be an escalation tonight?<\/p>\n<p style=\"text-align: center;\"><a href=\"http:\/\/blog.teddyaward.tv\/en\/wp-content\/uploads\/sites\/4\/2016\/01\/O-noapte-in-Tokoriki.jpg\"><img loading=\"lazy\" decoding=\"async\" class=\" size-medium wp-image-1335 aligncenter\" src=\"http:\/\/blog.teddyaward.tv\/en\/wp-content\/uploads\/sites\/4\/2016\/01\/O-noapte-in-Tokoriki-300x205.jpg\" alt=\"O noapte in Tokoriki\" width=\"300\" height=\"205\" srcset=\"https:\/\/blog.teddyaward.tv\/en\/wp-content\/uploads\/sites\/4\/2016\/01\/O-noapte-in-Tokoriki-300x205.jpg 300w, https:\/\/blog.teddyaward.tv\/en\/wp-content\/uploads\/sites\/4\/2016\/01\/O-noapte-in-Tokoriki-1024x699.jpg 1024w, https:\/\/blog.teddyaward.tv\/en\/wp-content\/uploads\/sites\/4\/2016\/01\/O-noapte-in-Tokoriki.jpg 1552w\" sizes=\"auto, (max-width: 300px) 100vw, 300px\" \/><\/a><\/p>\n<p style=\"text-align: center;\"><span style=\"color: #008000;\">15.02. \/ 17:00 CinemaxX 1<\/span><br \/>\n<span style=\"color: #008000;\">17.02. \/ 17:30 CinemaxX 1<\/span><br \/>\n<span style=\"color: #008000;\">18.02. \/ 13:00 HKW<\/span><br \/>\n<span style=\"color: #008000;\">20.02. \/ 14:30 CinemaxX 1<\/span><br \/>\n<span style=\"color: #008000;\">21.02. \/ 16:00 CinemaxX 5<\/span><\/p>\n<hr \/>\n<p style=\"text-align: center;\"><span style=\"text-decoration: underline; color: #008000;\">O P\u00e1ssaro da Noite<\/span><br \/>\nL&#8217;Oiseau de la Nuit<\/p>\n<p style=\"text-align: justify;\">Portugal\/ France 2015<br \/>\n20\u00b4<br \/>\nDirector: Marie Losier<br \/>\nCast: Cast: Fernando Santos aka Deborah Krystal, Cindy Scrash, Alda Cabrita, Jo\u00e3o Pedro Rodrigues<\/p>\n<p style=\"text-align: justify;\">In the latest of her series of portraits of legendary underground performers, Marie Losier takes us into the world of Fernando, aka Deborah Krystal, the glittering and poetic performer of the Lisbon club Finalmente. Over the last thirty years, Fernando has been performing every night at Finalmente, dressed in golden gowns. O P\u00e1ssaro da Noite reveals the many skins of Fernando that lay underneath the layers of his colorful fabrics, and \u2013 with the help of a large cast of friends and filmmaking colleagues \u2013 lets Lisbon\u2019s legends come to life. Alternating and shape shifting between manifestations as mermaid, bird, and lion, Fernando takes us on a journey into the desires and dreams of metamorphosis and myth: From the bright sunlight of a colorful beach to the haunted shadows of a museum at night.<\/p>\n<p style=\"text-align: center;\"><a href=\"http:\/\/blog.teddyaward.tv\/en\/wp-content\/uploads\/sites\/4\/2016\/01\/O-Pa\u0301ssaro-da-Noite.jpg\"><img loading=\"lazy\" decoding=\"async\" class=\" size-medium wp-image-1336 aligncenter\" src=\"http:\/\/blog.teddyaward.tv\/en\/wp-content\/uploads\/sites\/4\/2016\/01\/O-Pa\u0301ssaro-da-Noite-300x205.jpg\" alt=\"O Pa\u0301ssaro da Noite\" width=\"300\" height=\"205\" srcset=\"https:\/\/blog.teddyaward.tv\/en\/wp-content\/uploads\/sites\/4\/2016\/01\/O-Pa\u0301ssaro-da-Noite-300x205.jpg 300w, https:\/\/blog.teddyaward.tv\/en\/wp-content\/uploads\/sites\/4\/2016\/01\/O-Pa\u0301ssaro-da-Noite-1024x699.jpg 1024w, https:\/\/blog.teddyaward.tv\/en\/wp-content\/uploads\/sites\/4\/2016\/01\/O-Pa\u0301ssaro-da-Noite.jpg 1552w\" sizes=\"auto, (max-width: 300px) 100vw, 300px\" \/><\/a><\/p>\n<p style=\"text-align: center;\"><span style=\"color: #008000;\">13.02. \/ 21:30 Akademie der K\u00fcnste<\/span><br \/>\n<span style=\"color: #008000;\">14.02. \/ 15:00 Kino Arsenal 1<\/span><br \/>\n<span style=\"color: #008000;\">21.02. \/ 16:00 International<\/span><\/p>\n<hr \/>\n<p style=\"text-align: center;\"><span style=\"text-decoration: underline; color: #008000;\"><a style=\"color: #008000;\" href=\"http:\/\/news.teddyaward.tv\/de\/video\/?a-z=1&amp;select=5&amp;id_film=627\" target=\"_blank\">Quand on a 17 ans<\/a><\/span><br \/>\nBeing 17<\/p>\n<p style=\"text-align: justify;\">France 2016<br \/>\n116\u00b4<br \/>\nDirector: Andr\u00e9 T\u00e9chin\u00e9<br \/>\nCast: Sandrine Kiberlain, Kacey Mottet Klein, Corentin Fila, Alexis Loret<\/p>\n<p style=\"text-align: justify;\">Damien and Thomas attend the same grammar school class. They cannot stand each other and whenever verbal insults fail to do enough damage they take a swing at each other. Yet they could just as easily be friends. Damien\u2019s mother Marianne is a country doctor and his father a military pilot on a tour of duty abroad. Thomas is of Maghrebi descent and is the adopted son of a farming family living on a remote farm in the mountains. After several miscarriages the farmer\u2019s wife is expecting again and, since her pregnancy promises to be a difficult one, Marianne invites the withdrawn boy to come and stay with them for a while. Damien and Thomas find themselves having to live under the same roof &#8230; Andr\u00e9 Techin\u00e9 has already taken part in the Berlinale Competition several times with films such as Les temps qui changent (2005) and Les t\u00e9moins (2007). In Quand on a 17 ans he explores what it is like to grow up in different social environments in this portrait of two confused youths trying to govern their emotions. A rugged village in the mountains of south-western France as the seasons pass becomes the psychological landscape of the relationship between two young men which vacillates between disdain and attraction.<\/p>\n<p style=\"text-align: center;\"><a href=\"http:\/\/blog.teddyaward.tv\/en\/wp-content\/uploads\/sites\/4\/2016\/01\/Quand-on-a-17-ans.jpg\"><img loading=\"lazy\" decoding=\"async\" class=\" size-medium wp-image-1354 aligncenter\" src=\"http:\/\/blog.teddyaward.tv\/en\/wp-content\/uploads\/sites\/4\/2016\/01\/Quand-on-a-17-ans-300x205.jpg\" alt=\"Quand on a 17 ans\" width=\"300\" height=\"205\" srcset=\"https:\/\/blog.teddyaward.tv\/en\/wp-content\/uploads\/sites\/4\/2016\/01\/Quand-on-a-17-ans-300x205.jpg 300w, https:\/\/blog.teddyaward.tv\/en\/wp-content\/uploads\/sites\/4\/2016\/01\/Quand-on-a-17-ans-1024x699.jpg 1024w, https:\/\/blog.teddyaward.tv\/en\/wp-content\/uploads\/sites\/4\/2016\/01\/Quand-on-a-17-ans.jpg 1552w\" sizes=\"auto, (max-width: 300px) 100vw, 300px\" \/><\/a><\/p>\n<p style=\"text-align: center;\"><span style=\"color: #008000;\">14.02. \/ 22:00 Berlinale Palast<\/span><br \/>\n<span style=\"color: #008000;\">15.02. \/ 15:00 Friedrichstadt-Palast<\/span><br \/>\n<span style=\"color: #008000;\">15.02. \/ 21:00 Haus der Berliner Festspiele<\/span><br \/>\n<span style=\"color: #008000;\">19.02. \/ 09:30 Friedrichstadt-Palast<\/span><br \/>\n<span style=\"color: #008000;\">21.02. \/ 19:30 Berlinale Palast<\/span><\/p>\n<hr \/>\n<p style=\"text-align: center;\"><span style=\"text-decoration: underline; color: #008000;\">Rara<\/span><br \/>\nRara<\/p>\n<p style=\"text-align: justify;\">Chile\/ Argentinia 2016<br \/>\n88\u00b4<br \/>\nDirector: Pepa San Martin<br \/>\nCast: Mariana Loyola, Julia L\u00fcbbert, Agustina Mu\u00f1oz, Emilia Ossand\u00f3<\/p>\n<p><iframe loading=\"lazy\" title=\"Interview with Pepa San Mart\u00edn about &quot;Rara&quot;\" width=\"474\" height=\"267\" src=\"https:\/\/www.youtube.com\/embed\/lcDvDEZrtm4?feature=oembed\" frameborder=\"0\" allow=\"accelerometer; autoplay; clipboard-write; encrypted-media; gyroscope; picture-in-picture; web-share\" referrerpolicy=\"strict-origin-when-cross-origin\" allowfullscreen><\/iframe><\/p>\n<p><iframe loading=\"lazy\" title=\"Interview with Julia L\u00fcbbert and Mariana Loyola about &quot;Rara&quot;\" width=\"474\" height=\"267\" src=\"https:\/\/www.youtube.com\/embed\/UufYGZlHbh0?feature=oembed\" frameborder=\"0\" allow=\"accelerometer; autoplay; clipboard-write; encrypted-media; gyroscope; picture-in-picture; web-share\" referrerpolicy=\"strict-origin-when-cross-origin\" allowfullscreen><\/iframe><\/p>\n<p style=\"text-align: justify;\">\u00abSo &#8230; do your Mom and Lia kiss in public?\u00bb \u00b7 \u00abSometimes. Not that much.\u00bb Since their parents split up, Sara and her younger sister live with their mother, whose new partner is a woman. Everyday life for the four of them is hardly any different than it is for other families. The situation is actually totally fine with Sara. But not everyone sees it that way \u2013 her father in particular has his doubts. As Sara\u2019s 13th birthday approaches, she\u2019s feeling rather overwhelmed: her first crush, a body in the midst of changes and to top it off, conflicts over loyalty with her parents &#8230; Everything feels wrong. The empathetic feature-length debut of director Pepa San Mart\u00edn is based on a true story.<\/p>\n<p style=\"text-align: center;\"><a href=\"http:\/\/blog.teddyaward.tv\/en\/wp-content\/uploads\/sites\/4\/2016\/01\/Rara.jpg\"><img loading=\"lazy\" decoding=\"async\" class=\" size-medium wp-image-1337 aligncenter\" src=\"http:\/\/blog.teddyaward.tv\/en\/wp-content\/uploads\/sites\/4\/2016\/01\/Rara-300x205.jpg\" alt=\"Rara\" width=\"300\" height=\"205\" srcset=\"https:\/\/blog.teddyaward.tv\/en\/wp-content\/uploads\/sites\/4\/2016\/01\/Rara-300x205.jpg 300w, https:\/\/blog.teddyaward.tv\/en\/wp-content\/uploads\/sites\/4\/2016\/01\/Rara-1024x699.jpg 1024w, https:\/\/blog.teddyaward.tv\/en\/wp-content\/uploads\/sites\/4\/2016\/01\/Rara.jpg 1552w\" sizes=\"auto, (max-width: 300px) 100vw, 300px\" \/><\/a><\/p>\n<p style=\"text-align: center;\"><span style=\"color: #008000;\">13.02. \/ 12:30 Zoo Palast 1<\/span><br \/>\n<span style=\"color: #008000;\">14.02. \/ 15:30 Toni &amp; Tonino<\/span><br \/>\n<span style=\"color: #008000;\">15.02. \/ 14:00 CinemaxX 3<\/span><br \/>\n<span style=\"color: #008000;\">21.02. \/ 13:00 HKW<\/span><\/p>\n<hr \/>\n<p style=\"text-align: center;\"><span style=\"text-decoration: underline; color: #008000;\">Reluctantly Queer<\/span><br \/>\nReluctantly Queer<\/p>\n<p style=\"text-align: left;\">Ghana\/ USA 2016<br \/>\nDirector: 8\u00b4<br \/>\nDirector: Akosua Adoma Owusu<br \/>\nCast: Kwame Edwin Otu<\/p>\n<p><iframe loading=\"lazy\" title=\"Interview about &quot;Reluctantly Queer&quot;\" width=\"474\" height=\"267\" src=\"https:\/\/www.youtube.com\/embed\/Fnufd4nygww?feature=oembed\" frameborder=\"0\" allow=\"accelerometer; autoplay; clipboard-write; encrypted-media; gyroscope; picture-in-picture; web-share\" referrerpolicy=\"strict-origin-when-cross-origin\" allowfullscreen><\/iframe><\/p>\n<p style=\"text-align: justify;\">This epistolary film invites us into the unsettling life of a young Ghanaian man struggling to reconcile his love for his mother with his love for the same-sex desire amid the increased tensions incited by same-sex politics in Ghana. Focused on a letter that is ultimately filled with hesitation and uncertainity, Reluctantly Queer both disrobes and questions what it means to be queer for this time in this space.<\/p>\n<p style=\"text-align: center;\"><a href=\"http:\/\/blog.teddyaward.tv\/en\/wp-content\/uploads\/sites\/4\/2016\/01\/Reluctantly-Queer.jpg\"><img loading=\"lazy\" decoding=\"async\" class=\" size-medium wp-image-1338 aligncenter\" src=\"http:\/\/blog.teddyaward.tv\/en\/wp-content\/uploads\/sites\/4\/2016\/01\/Reluctantly-Queer-300x205.jpg\" alt=\"Reluctantly Queer\" width=\"300\" height=\"205\" srcset=\"https:\/\/blog.teddyaward.tv\/en\/wp-content\/uploads\/sites\/4\/2016\/01\/Reluctantly-Queer-300x205.jpg 300w, https:\/\/blog.teddyaward.tv\/en\/wp-content\/uploads\/sites\/4\/2016\/01\/Reluctantly-Queer-1024x699.jpg 1024w, https:\/\/blog.teddyaward.tv\/en\/wp-content\/uploads\/sites\/4\/2016\/01\/Reluctantly-Queer.jpg 1552w\" sizes=\"auto, (max-width: 300px) 100vw, 300px\" \/><\/a><\/p>\n<p style=\"text-align: center;\"><span style=\"color: #008000;\">16.02. \/ 22:00 CinemaxX 3<\/span><br \/>\n<span style=\"color: #008000;\">18.02. \/ 17:00 Colosseum 1<\/span><br \/>\n<span style=\"color: #008000;\">19.02. \/ 16:00 CinemaxX 5<\/span><br \/>\n<span style=\"color: #008000;\">20.02. \/ 16:00 CinemaxX 5<\/span><br \/>\n<span style=\"color: #008000;\">21.02. \/ 16:00 International<\/span><\/p>\n<hr \/>\n<p style=\"text-align: center;\"><span style=\"text-decoration: underline; color: #008000;\">San Fu Tian<\/span><br \/>\nDog Days<\/p>\n<p style=\"text-align: left;\">Hong Kong, China 2016<br \/>\n95\u00b4<br \/>\nDirector: Jordan Schiele<br \/>\nCast: Huang Lu, Tian Mu Chen, Luo Lanshan, Xing Dan Wen<\/p>\n<p style=\"text-align: justify;\">Endless dog days of summer weigh heavily on the impoverished suburb of Changsha where a young mother, Lulu, works as a dancer in a cheap nightclub. Coming home late one night, she discovers that her boyfriend Bai Long has disappeared with their baby. Her desperate search takes her to a transvestite bar where gay man Sunny is performing; he knows the whereabouts of the child\u2019s father. A deal is struck between the odd couple whose lives are now fatefully intertwined: Lulu wants her child back and, in return, agrees to not stand in the way of Bai Long\u2019s and Sunny\u2019s homosexual relationship. In a hotel in Shanghai events come to a head as emotional and erotic trials and tribulations pile up. It transpires that, pretending the child\u2019s mother had died, Bai Long has now sold his son to a wealthy couple, a doctor and his wife. What does the future hold for Lulu and her child?<\/p>\n<p style=\"text-align: justify;\"><a href=\"http:\/\/blog.teddyaward.tv\/en\/wp-content\/uploads\/sites\/4\/2016\/02\/San-Fu-Tian.jpg\"><img loading=\"lazy\" decoding=\"async\" class=\"size-medium wp-image-1355 aligncenter\" src=\"http:\/\/blog.teddyaward.tv\/en\/wp-content\/uploads\/sites\/4\/2016\/02\/San-Fu-Tian-300x205.jpg\" alt=\"San Fu Tian\" width=\"300\" height=\"205\" srcset=\"https:\/\/blog.teddyaward.tv\/en\/wp-content\/uploads\/sites\/4\/2016\/02\/San-Fu-Tian-300x205.jpg 300w, https:\/\/blog.teddyaward.tv\/en\/wp-content\/uploads\/sites\/4\/2016\/02\/San-Fu-Tian-1024x699.jpg 1024w, https:\/\/blog.teddyaward.tv\/en\/wp-content\/uploads\/sites\/4\/2016\/02\/San-Fu-Tian.jpg 1552w\" sizes=\"auto, (max-width: 300px) 100vw, 300px\" \/><\/a><\/p>\n<p style=\"text-align: center;\"><span style=\"color: #008000;\">13.02. \/ 19:30 CineStar IMAX<\/span><br \/>\n<span style=\"color: #008000;\">14.02. \/ 22:30 Colosseum 1<\/span><br \/>\n<span style=\"color: #008000;\">17.02. \/ 19:00 Zoo Palast 1<\/span><br \/>\n<span style=\"color: #008000;\">18.02. \/ 10:00 CinemaxX 7<\/span><br \/>\n<span style=\"color: #008000;\">19.02. \/ 17:00 Cubix 9<\/span><\/p>\n<hr \/>\n<p style=\"text-align: center;\"><span style=\"text-decoration: underline; color: #008000;\">Strike a Pose<\/span><br \/>\nStrike a Pose<\/p>\n<p style=\"text-align: left;\">Netherlands\/ Belgium 2016<br \/>\n83\u00b4<br \/>\nDirector: Ester Gould, Reijer Zwaan<\/p>\n<p><iframe loading=\"lazy\" title=\"Interview with  Ester Gould, Reijer Zwaan and Luis about &quot;Strike a Pose&quot;\" width=\"474\" height=\"267\" src=\"https:\/\/www.youtube.com\/embed\/KVfI2KijlV4?feature=oembed\" frameborder=\"0\" allow=\"accelerometer; autoplay; clipboard-write; encrypted-media; gyroscope; picture-in-picture; web-share\" referrerpolicy=\"strict-origin-when-cross-origin\" allowfullscreen><\/iframe><\/p>\n<p style=\"text-align: justify;\">For her \u2018Blond Ambition\u2019 tour in 1990, pop superstar Madonna was looking for performers who knew how to vogue. Out of countless hopefuls, the gay dancers Salim, Kevin, Carlton, Jos\u00e9, Luis and Gabriel were chosen along with breakdancer Oliver, the only straight guy. The tour was accompanied by a film crew and Madonna cast herself in the role of mother figure of her stage family. The boys soon found fans among homosexual youths who saw them as role models, while the tour came to epitomise Madonna\u2019s commitment to gay liberation and the acknowledgement of AIDS. But the idyll fell apart when Gabriel, Kevin and Oliver sued against their involuntary outing as gay men brought about by the film In Bed with Madonna. In 1995 Gabriel died of AIDS-related illness, while the others continued to pursue their professional careers. Now, twenty-five years after their time together, the six surviving performers are reunited and long-buried secrets are aired. The filmmakers excel at telling the stories of these very different dancers whilst carefully calling into question the official version of events in order to edge closer to the truth.<\/p>\n<p style=\"text-align: center;\"><a href=\"http:\/\/blog.teddyaward.tv\/en\/wp-content\/uploads\/sites\/4\/2016\/01\/Strike-a-Pose.jpg\"><img loading=\"lazy\" decoding=\"async\" class=\" size-medium wp-image-1339 aligncenter\" src=\"http:\/\/blog.teddyaward.tv\/en\/wp-content\/uploads\/sites\/4\/2016\/01\/Strike-a-Pose-300x205.jpg\" alt=\"Strike a Pose\" width=\"300\" height=\"205\" srcset=\"https:\/\/blog.teddyaward.tv\/en\/wp-content\/uploads\/sites\/4\/2016\/01\/Strike-a-Pose-300x205.jpg 300w, https:\/\/blog.teddyaward.tv\/en\/wp-content\/uploads\/sites\/4\/2016\/01\/Strike-a-Pose-1024x699.jpg 1024w, https:\/\/blog.teddyaward.tv\/en\/wp-content\/uploads\/sites\/4\/2016\/01\/Strike-a-Pose.jpg 1552w\" sizes=\"auto, (max-width: 300px) 100vw, 300px\" \/><\/a><\/p>\n<p style=\"text-align: center;\"><span style=\"color: #008000;\">15.02. \/ 17:00 International<\/span><br \/>\n<span style=\"color: #008000;\"> 16.02. \/ 12:00 CineStar 7<\/span><br \/>\n<span style=\"color: #008000;\"> 17.02. \/ 17:45 Cubix 8<\/span><br \/>\n<span style=\"color: #008000;\"> 19.02. \/ 14:30 Colosseum 1<\/span><br \/>\n<span style=\"color: #008000;\"> 21.02. \/ 17:30 Cubix 7<\/span><\/p>\n<hr \/>\n<p style=\"text-align: center;\"><span style=\"text-decoration: underline; color: #008000;\">Take Your Partners<\/span><br \/>\nTake Your Partners<\/p>\n<p style=\"text-align: left;\">Great Britain 2015<br \/>\n11\u00b4<br \/>\nDirector: Siri R\u00f8dnes<br \/>\nCast: Lily Graham, Mori Christian, George Anton, Reanne Farley<\/p>\n<p><iframe loading=\"lazy\" title=\"Interview with Siri R\u00f8dnes about &quot;Take your partners&quot;\" width=\"474\" height=\"267\" src=\"https:\/\/www.youtube.com\/embed\/fMbGyBJ0SM0?feature=oembed\" frameborder=\"0\" allow=\"accelerometer; autoplay; clipboard-write; encrypted-media; gyroscope; picture-in-picture; web-share\" referrerpolicy=\"strict-origin-when-cross-origin\" allowfullscreen><\/iframe><\/p>\n<p style=\"text-align: justify;\">Why should a girl\u2019s Easter bonnet look any different than the ones the boys wear? Ollie is eight years old and crazy about football and the gunslingers of the Wild West. When it comes time to get ready for the traditional Easter parade at school, Ollie categorically refuses to accept conventional gender roles. With the support of her parents, Ollie finds her own very personal way of dealing with the situation in the end.<\/p>\n<p style=\"text-align: justify;\"><a href=\"http:\/\/blog.teddyaward.tv\/en\/wp-content\/uploads\/sites\/4\/2016\/02\/Take-your-Partners.jpg\"><img loading=\"lazy\" decoding=\"async\" class=\" size-medium wp-image-1479 aligncenter\" src=\"http:\/\/blog.teddyaward.tv\/en\/wp-content\/uploads\/sites\/4\/2016\/02\/Take-your-Partners-300x205.jpg\" alt=\"Take your Partners\" width=\"300\" height=\"205\" srcset=\"https:\/\/blog.teddyaward.tv\/en\/wp-content\/uploads\/sites\/4\/2016\/02\/Take-your-Partners-300x205.jpg 300w, https:\/\/blog.teddyaward.tv\/en\/wp-content\/uploads\/sites\/4\/2016\/02\/Take-your-Partners-1024x699.jpg 1024w, https:\/\/blog.teddyaward.tv\/en\/wp-content\/uploads\/sites\/4\/2016\/02\/Take-your-Partners.jpg 1552w\" sizes=\"auto, (max-width: 300px) 100vw, 300px\" \/><\/a><\/p>\n<p style=\"text-align: center;\"><span style=\"color: #008000;\">17.02. \/ 10:30 CinemaxX 1<\/span><br \/>\n<span style=\"color: #008000;\">18.02. \/ 11:30 CinemaxX 3<\/span><br \/>\n<span style=\"color: #008000;\">19.02. \/ 15:30 Filmtheater am Friedrichshain<\/span><br \/>\n<span style=\"color: #008000;\">21.02. \/ 14:30 CinemaxX 1<\/span><\/p>\n<hr \/>\n<p style=\"text-align: center;\"><span style=\"text-decoration: underline; color: #008000;\">The Lamps<\/span><br \/>\nThe Lamps<\/p>\n<p style=\"text-align: left;\">USA 2015<br \/>\n4\u00b4<br \/>\nDirector: Shelly Silver<\/p>\n<p><iframe loading=\"lazy\" title=\"Interview with Shelly Silver about &quot;The Lamps&quot;\" width=\"474\" height=\"267\" src=\"https:\/\/www.youtube.com\/embed\/c29XxisGdmg?feature=oembed\" frameborder=\"0\" allow=\"accelerometer; autoplay; clipboard-write; encrypted-media; gyroscope; picture-in-picture; web-share\" referrerpolicy=\"strict-origin-when-cross-origin\" allowfullscreen><\/iframe><\/p>\n<p style=\"text-align: justify;\">\u201cAll who want me would like to eat me up. But I am too expansive and am open to all sides, desire this here and that there.\u201d The Baroness Elsa von Freytag-Loringhoven \u201cThe Baroness is not a futurist. She is the future.\u201d Marcel Duchamp \u201cThe Baroness Elsa von Freytag-Loringhoven, n\u00e9e Pl\u00f6tz, was an unsung member of the New York Dada Movement. She was a poet, artist, vaudeville performer, runaway, rabble-rouser, cross-dresser, and all around public provocateur. She actively did not fit into her historical moment, and like most misfits, suffered for it. As with many women artists throughout history, her cultural legacy has been obscured and in some instances appropriated into the oeuvres of better-known male peers. Some researchers believe that the Baroness was the artist behind \u201cFountain,\u201d the ready-made urinal attributed to Duchamp. The Lamps details her trip to the Naples Archeological Museum in the early 1900s where she breaks into \u201cIl Gabinetto Segretto,\u201c a secret room filled with erotic objects from Pompeii.\u201d Shelly Silver<\/p>\n<p style=\"text-align: center;\"><a href=\"http:\/\/blog.teddyaward.tv\/en\/wp-content\/uploads\/sites\/4\/2016\/01\/The-Lamps.jpg\"><img loading=\"lazy\" decoding=\"async\" class=\" size-medium wp-image-1340 aligncenter\" src=\"http:\/\/blog.teddyaward.tv\/en\/wp-content\/uploads\/sites\/4\/2016\/01\/The-Lamps-300x205.jpg\" alt=\"The Lamps\" width=\"300\" height=\"205\" srcset=\"https:\/\/blog.teddyaward.tv\/en\/wp-content\/uploads\/sites\/4\/2016\/01\/The-Lamps-300x205.jpg 300w, https:\/\/blog.teddyaward.tv\/en\/wp-content\/uploads\/sites\/4\/2016\/01\/The-Lamps-1024x699.jpg 1024w, https:\/\/blog.teddyaward.tv\/en\/wp-content\/uploads\/sites\/4\/2016\/01\/The-Lamps.jpg 1552w\" sizes=\"auto, (max-width: 300px) 100vw, 300px\" \/><\/a><\/p>\n<p style=\"text-align: center;\"><span style=\"color: #008000;\">17.02. \/ 20:30 Akademie der K\u00fcnste<\/span><br \/>\n<span style=\"color: #008000;\">18.02. \/ 15:00 Kino Arsenal 1<\/span><br \/>\n<span style=\"color: #008000;\">20.02. \/ 16:00 CinemaxX 5<\/span><br \/>\n<span style=\"color: #008000;\">21.02. \/ 16:00 International<\/span><\/p>\n<hr \/>\n<p style=\"text-align: center;\"><span style=\"text-decoration: underline; color: #008000;\">Th\u00e9o et Hugo dans le m\u00eame bateau<\/span><br \/>\n<span style=\"color: #000000;\">Th\u00e9o et Hugo dans le m\u00eame bateau<\/span><\/p>\n<p style=\"text-align: left;\">France 2016<br \/>\n97\u00b4<br \/>\nDirector: Olivier Ducastel, Jacques Martineau<br \/>\nCast: Geoffrey Cou\u00ebt, Fran\u00e7ois Nambot<\/p>\n<p style=\"text-align: justify;\">Th\u00e9o and Hugo encounter each other\u2019s bodies in a sex club. They talk, things blur into the haziness of unbridled desire, then take shape for a moment as their gaze meets before they resume their exploration and lose themselves anew. A few moments later the two men feel the need to go outside. Together they drift down the deserted streets of nocturnal Paris. Suddenly they find themselves confronted by a sense of reality that wipes out their freedom and aimlessness and lends each step an existential helplessness. Do they want to know more about each other? Will their trust be rewarded? What are their expectations? Olivier Ducastel and Jacques Martineau display consummate sensitivity in bringing us closer to two men as they strive for intimacy in spite of being stalled by their insecurity. Their two leading actors delight us with their remarkably intuitive performances and their incredible charm.<\/p>\n<p style=\"text-align: justify;\"><a href=\"http:\/\/blog.teddyaward.tv\/en\/wp-content\/uploads\/sites\/4\/2016\/02\/The\u0301o-et-Hugo-dans-le-me\u0302me-bateau1.jpg\"><img loading=\"lazy\" decoding=\"async\" class=\" size-medium wp-image-1356 aligncenter\" src=\"http:\/\/blog.teddyaward.tv\/en\/wp-content\/uploads\/sites\/4\/2016\/02\/The\u0301o-et-Hugo-dans-le-me\u0302me-bateau1-300x205.jpg\" alt=\"The\u0301o et Hugo dans le me\u0302me bateau(1)\" width=\"300\" height=\"205\" srcset=\"https:\/\/blog.teddyaward.tv\/en\/wp-content\/uploads\/sites\/4\/2016\/02\/The\u0301o-et-Hugo-dans-le-me\u0302me-bateau1-300x205.jpg 300w, https:\/\/blog.teddyaward.tv\/en\/wp-content\/uploads\/sites\/4\/2016\/02\/The\u0301o-et-Hugo-dans-le-me\u0302me-bateau1-1024x699.jpg 1024w, https:\/\/blog.teddyaward.tv\/en\/wp-content\/uploads\/sites\/4\/2016\/02\/The\u0301o-et-Hugo-dans-le-me\u0302me-bateau1.jpg 1552w\" sizes=\"auto, (max-width: 300px) 100vw, 300px\" \/><\/a><\/p>\n<p style=\"text-align: center;\"><span style=\"color: #008000;\">15.02. \/ 20:00 International<\/span><br \/>\n<span style=\"color: #008000;\">16.02. \/ 17:45 CineStar 3<\/span><br \/>\n<span style=\"color: #008000;\">17.02. \/ 22:30 Cubix 7<\/span><br \/>\n<span style=\"color: #008000;\">20.02. \/ 21:30 Zoo Palast 1<\/span><\/p>\n<hr \/>\n<p style=\"text-align: center;\"><span style=\"text-decoration: underline; color: #008000;\">Toro<\/span><br \/>\n<span style=\"color: #000000;\">Toro<\/span><\/p>\n<p>Deutschland 2015<br \/>\n84\u00b4<br \/>\nDirector: Martin Hawie<br \/>\nCast: Paul Wollin, Miguel Dagger, Leni Speidel, Kelvin Kilonzo<\/p>\n<p style=\"text-align: justify;\">An unequal friendship. Toro (25) is as disciplined as he is withdrawn. In contrast Victor (29) is a light-headed dreamer who careers more or less heedlessly through life. Both work as prostitutes. Toro services women, Victor men. Toro, whose real name is Piotr, cameto Germany ten years ago. He knows exactly what he is working for: he wants to establish a boxing school back in Poland. And soon he will have enough money to do so. The only thing he wants to take with him from Germany is Victor so they can dare to embark upon a new life together. Victor knows all about Toro\u2019s plans but cannot take them seriously because he is far too busy keeping his dealers, to whom he owes money, at bay. TORO is the story of two highly contrasting characters who take hugely different approaches to trying to fight their way out of an ignoble life on the margins. They could be each other\u2019s last chance to save themselves from plunging off the precipice and into the abyss of the apocalypse which would consume everything else along with them and cast the world into eternal sin.<\/p>\n<p style=\"text-align: center;\"><a href=\"http:\/\/blog.teddyaward.tv\/en\/wp-content\/uploads\/sites\/4\/2016\/01\/Toro.jpg\"><img loading=\"lazy\" decoding=\"async\" class=\" size-medium wp-image-1341 aligncenter\" src=\"http:\/\/blog.teddyaward.tv\/en\/wp-content\/uploads\/sites\/4\/2016\/01\/Toro-300x205.jpg\" alt=\"Toro\" width=\"300\" height=\"205\" srcset=\"https:\/\/blog.teddyaward.tv\/en\/wp-content\/uploads\/sites\/4\/2016\/01\/Toro-300x205.jpg 300w, https:\/\/blog.teddyaward.tv\/en\/wp-content\/uploads\/sites\/4\/2016\/01\/Toro-1024x699.jpg 1024w, https:\/\/blog.teddyaward.tv\/en\/wp-content\/uploads\/sites\/4\/2016\/01\/Toro.jpg 1552w\" sizes=\"auto, (max-width: 300px) 100vw, 300px\" \/><\/a><span style=\"color: #008000;\">19.02. \/ 16:30 CinemaxX 3<\/span><br \/>\n<span style=\"color: #008000;\">21.02. \/ 14:00 CinemaxX 5<\/span><\/p>\n<hr \/>\n<p style=\"text-align: center;\"><span style=\"text-decoration: underline; color: #008000;\">Uncle Howard<\/span><br \/>\nUncle Howard<\/p>\n<p style=\"text-align: justify;\">Great Britain\/ USA 2016<br \/>\n96\u00b4<br \/>\nDirector: Aaron Brookner<br \/>\nCast: Jim Jarmusch, Sara Driver, Tom DiCillo, Brad Gooch, Frederic Mitterand<\/p>\n<p><iframe loading=\"lazy\" title=\"Interview with Aaron Brookner about &quot;Uncle Howard&quot;\" width=\"474\" height=\"267\" src=\"https:\/\/www.youtube.com\/embed\/obY3ygqdW8U?feature=oembed\" frameborder=\"0\" allow=\"accelerometer; autoplay; clipboard-write; encrypted-media; gyroscope; picture-in-picture; web-share\" referrerpolicy=\"strict-origin-when-cross-origin\" allowfullscreen><\/iframe><\/p>\n<p style=\"text-align: justify;\">After Howard Brookner, director of two documentaries and a feature film, died from AIDS related illnesses at the age of 34 in 1989, his slender oeuvre was in danger of being forgotten \u2013 until his nephew Aaron decided to preserve his uncle\u2019s legacy and to digitalise his first film, the cult classic Burroughs: The Movie (1983). This endeavour led to the discovery of a number of other gems stored in the godfather of Beat\u2019s legendary \u2018bunker\u2019 in New York\u2019s Bowery district. This rich archive of material, shot by film maniac Brookner from 1978 until the end of the 1980s, represents a unique document of the decade\u2019s incredibly vibrant art and gay scene in downtown New York. Aaron Brookner\u2019s film Uncle Howard takes us on an adventurous, artistic and very personal journey back in time, accompanied by conversations with both relatives and his uncle\u2019s close friends (including Robert Wilson, Jim Jarmusch, Brad Gooch and James Grauerholz). The resulting film is a powerful and loving portrait of an artist who left this world far too soon.<\/p>\n<p style=\"text-align: center;\"><a href=\"http:\/\/blog.teddyaward.tv\/en\/wp-content\/uploads\/sites\/4\/2016\/01\/Uncle-Howard1.jpg\"><img loading=\"lazy\" decoding=\"async\" class=\" size-medium wp-image-1342 aligncenter\" src=\"http:\/\/blog.teddyaward.tv\/en\/wp-content\/uploads\/sites\/4\/2016\/01\/Uncle-Howard1-300x205.jpg\" alt=\"Uncle Howard(1)\" width=\"300\" height=\"205\" srcset=\"https:\/\/blog.teddyaward.tv\/en\/wp-content\/uploads\/sites\/4\/2016\/01\/Uncle-Howard1-300x205.jpg 300w, https:\/\/blog.teddyaward.tv\/en\/wp-content\/uploads\/sites\/4\/2016\/01\/Uncle-Howard1-1024x699.jpg 1024w, https:\/\/blog.teddyaward.tv\/en\/wp-content\/uploads\/sites\/4\/2016\/01\/Uncle-Howard1.jpg 1552w\" sizes=\"auto, (max-width: 300px) 100vw, 300px\" \/><\/a><\/p>\n<p style=\"text-align: center;\"><span style=\"color: #008000;\">12.02. \/ 20:00 CineStar 7<\/span><br \/>\n<span style=\"color: #008000;\"> 13.02. \/ 14:30 CineStar 7<\/span><br \/>\n<span style=\"color: #008000;\">13.02. \/ 20:00 HAU Hebbel am Ufer (HAU1)<\/span><br \/>\n<span style=\"color: #008000;\"> 17.02. \/ 22:30 CineStar 7<\/span><br \/>\n<span style=\"color: #008000;\"> 19.02. \/ 17:30 Cubix 7<\/span><\/p>\n<hr \/>\n<p style=\"text-align: center;\"><span style=\"text-decoration: underline; color: #008000;\">WEEKENDS<\/span><br \/>\nWEEKENDS<\/p>\n<p style=\"text-align: justify;\">South Corea 2016<br \/>\n98\u00b4<br \/>\nDirector: Dong-ha Lee<br \/>\nCast: Jaewoo, Sander, Jonggirl, Namypooh, Gang<\/p>\n<p style=\"text-align: justify;\">Every weekend the gay male choir G-Voice rehearses in Seoul \u2013 as they have been doing since 2003. The choir, being a kind of antidote to homophobic Korean society, makes the everyday lives of gay men its theme in an intelligent and humorous way. For their tenth anniversary, the members are planning to give their first big concert with ambitious arrangements, creative choreographies and many new pieces. This really puts these amateur singers to the test because the enthusiasm of some members outweighs their vocal abilities, whilst others work themselves into the ground as voluntary organisers. Besides preparing for their big day, G-Voice are also politically active, singing for equality and serenading against discrimination, and not just at LGBTQ demos. Director Lee Dong-hasucceeds, almost incidentally, in giving an insight into gay life in Korea. He also accompanies choir members and organisers after the rehearsals, when conversations become more personal over a meal. Filmed in the style of glossy music videos, G-Voices\u2019 set-pieces provide a commentary, among other things, on the men\u2019s experiences of Korean society, their conservative families and a gay joy of life.<\/p>\n<p style=\"text-align: center;\"><a href=\"http:\/\/blog.teddyaward.tv\/en\/wp-content\/uploads\/sites\/4\/2016\/01\/Weekends.jpg\"><img loading=\"lazy\" decoding=\"async\" class=\" size-medium wp-image-1343 aligncenter\" src=\"http:\/\/blog.teddyaward.tv\/en\/wp-content\/uploads\/sites\/4\/2016\/01\/Weekends-300x205.jpg\" alt=\"Weekends\" width=\"300\" height=\"205\" srcset=\"https:\/\/blog.teddyaward.tv\/en\/wp-content\/uploads\/sites\/4\/2016\/01\/Weekends-300x205.jpg 300w, https:\/\/blog.teddyaward.tv\/en\/wp-content\/uploads\/sites\/4\/2016\/01\/Weekends-1024x699.jpg 1024w, https:\/\/blog.teddyaward.tv\/en\/wp-content\/uploads\/sites\/4\/2016\/01\/Weekends.jpg 1552w\" sizes=\"auto, (max-width: 300px) 100vw, 300px\" \/><\/a><\/p>\n<p style=\"text-align: center;\"><span style=\"color: #008000;\">14.02. \/ 22:00 CineStar IMAX<\/span><br \/>\n<span style=\"color: #008000;\">17.02. \/ 20:00 CineStar 7<\/span><br \/>\n<span style=\"color: #008000;\">18.02. \/ 14:30 CineStar 7<\/span><\/p>\n<hr \/>\n<p style=\"text-align: center;\"><span style=\"text-decoration: underline; color: #008000;\">Who&#8217;s Gonna Love Me Now?<\/span><br \/>\nWho&#8217;s Gonna Love Me Now?<\/p>\n<p style=\"text-align: left;\">Great Britain\/ Israel 2016<br \/>\n84\u00b4<br \/>\nDirector: Tomer Heymann, Barak Heymann, Alexander Bodin Saphir<\/p>\n<p><iframe loading=\"lazy\" title=\"Interview with Tomer and Barak Heymann &amp; Saar about &quot;Who&#039;s gonna love me now?&quot;\" width=\"474\" height=\"267\" src=\"https:\/\/www.youtube.com\/embed\/oUClf6GOkZA?feature=oembed\" frameborder=\"0\" allow=\"accelerometer; autoplay; clipboard-write; encrypted-media; gyroscope; picture-in-picture; web-share\" referrerpolicy=\"strict-origin-when-cross-origin\" allowfullscreen><\/iframe><\/p>\n<p style=\"text-align: justify;\">Saar has never fulfilled his parents\u2019 expectations. Ever since he defied the rules of his kibbutz and was barred from the settlement community seventeen years ago, as far as his family is concerned, he simply does not exist. He left Israel to live freely as a gay man in London. When a three-year relationship ended, he threw himself into an excess of sex and drugs until he was diagnosed with HIV and was forced to rethink his life. He has finally found a home singing in the London Gay Men\u2019s Chorus where music is giving him the courage for a reunion with his family. This film provides a sensitive, humorous and charming record of how the now forty-year old protagonist and his estranged parents and siblings set off to confront their disagreements and fears. Unexpected warmth and deep rejection become equally challenging. Incidentally, Saar\u2019s intensely personal story also illuminates the fascinating diversity of a communal way of life that is pervaded by culture and religion; he also inspires us with the sincerity of his search for his identity. The film\u2019s numerous energetic and emotional choral scenes lend passionate expression to his message.<\/p>\n<p style=\"text-align: center;\"><a href=\"http:\/\/blog.teddyaward.tv\/en\/wp-content\/uploads\/sites\/4\/2016\/01\/Whos-Gonna-Love-Me-Now.jpg\"><img loading=\"lazy\" decoding=\"async\" class=\" size-medium wp-image-1344 aligncenter\" src=\"http:\/\/blog.teddyaward.tv\/en\/wp-content\/uploads\/sites\/4\/2016\/01\/Whos-Gonna-Love-Me-Now-300x205.jpg\" alt=\"Who's Gonna Love Me Now\" width=\"300\" height=\"205\" srcset=\"https:\/\/blog.teddyaward.tv\/en\/wp-content\/uploads\/sites\/4\/2016\/01\/Whos-Gonna-Love-Me-Now-300x205.jpg 300w, https:\/\/blog.teddyaward.tv\/en\/wp-content\/uploads\/sites\/4\/2016\/01\/Whos-Gonna-Love-Me-Now-1024x699.jpg 1024w, https:\/\/blog.teddyaward.tv\/en\/wp-content\/uploads\/sites\/4\/2016\/01\/Whos-Gonna-Love-Me-Now.jpg 1552w\" sizes=\"auto, (max-width: 300px) 100vw, 300px\" \/><\/a><\/p>\n<p style=\"text-align: center;\"><span style=\"color: #008000;\">13.02. \/ 17:00 CineStar 7<\/span><br \/>\n<span style=\"color: #008000;\">14.02. \/ 22:30 CineStar 7<\/span><br \/>\n<span style=\"color: #008000;\">15.02. \/ 20:15 Cubix 7<\/span><br \/>\n<span style=\"color: #008000;\">18.02. \/ 22:30 CineStar 7<\/span><\/p>\n<hr \/>\n<p style=\"text-align: center;\"><span style=\"text-decoration: underline;\"><span style=\"color: #008000; text-decoration: underline;\">Zjednoczone stany milosci<\/span><\/span><br \/>\nUnited States of Love<\/p>\n<p style=\"text-align: justify;\">Poland\/ Sweden 2016<br \/>\n104\u00b4<br \/>\nDirector: Tomasz Wasilewski<br \/>\nCast: Julia Kijowska, Magdalena Cielecka, Dorota Kolak, Marta Nieradkiewicz, Lukasz Simlat,Andrzej Chyra, Tomek Tyndyk<\/p>\n<p style=\"text-align: justify;\">It is the beginning of the 1990s and Polish society is trying to redefine itself after years of stagnation. Schools are being named \u2018Solidarno \u2019, the first West German spa visitors are bringing hard currency into the country, porn videos are doing the rounds and TV constantly repeats images of the trial of Rumanian dictator Ceausescu. But private emotions remain untouched by these external changes: all the hopes and longings, caught between work, family and religion, desire and abstinence. Tomasz Wasilewski portrays four women in a small provincial town. Agata is attracted to a priest and secretly observes him. Iza is a head teacher who has been having a long-standing affair with a married doctor. Russian language teacher Renata seeks a closer relationship with her young neighbour Marzena who teaches sports and dance, while Marzena herself dreams of an international career as a model. Shot in desaturated colours and with a muted production design, this drama reflects upon the attempts to escape an anti-pleasure, body-hating environment. Wasilewski\u2019s subject is the death throes of a society \u2013 and the emotional impoverishment of the individual.<\/p>\n<p style=\"text-align: center;\"><a href=\"http:\/\/blog.teddyaward.tv\/en\/wp-content\/uploads\/sites\/4\/2016\/01\/Zjednoczone-stany-milosci.jpg\"><img loading=\"lazy\" decoding=\"async\" class=\" size-medium wp-image-1345 aligncenter\" src=\"http:\/\/blog.teddyaward.tv\/en\/wp-content\/uploads\/sites\/4\/2016\/01\/Zjednoczone-stany-milosci-300x205.jpg\" alt=\"Zjednoczone stany milosci\" width=\"300\" height=\"205\" srcset=\"https:\/\/blog.teddyaward.tv\/en\/wp-content\/uploads\/sites\/4\/2016\/01\/Zjednoczone-stany-milosci-300x205.jpg 300w, https:\/\/blog.teddyaward.tv\/en\/wp-content\/uploads\/sites\/4\/2016\/01\/Zjednoczone-stany-milosci-1024x698.jpg 1024w, https:\/\/blog.teddyaward.tv\/en\/wp-content\/uploads\/sites\/4\/2016\/01\/Zjednoczone-stany-milosci.jpg 1553w\" sizes=\"auto, (max-width: 300px) 100vw, 300px\" \/><\/a><\/p>\n<p style=\"text-align: center;\"><span style=\"color: #008000;\">19.02. \/ 16:00 Berlinale Palast<\/span><br \/>\n<span style=\"color: #008000;\">20.02. \/ 09:30 Friedrichstadt-Palast<\/span><br \/>\n<span style=\"color: #008000;\">20.02. \/ 10:00 Zoo Palast 1<\/span><br \/>\n<span style=\"color: #008000;\">20.02. \/ 21:00 Friedrichstadt-Palast<\/span><br \/>\n<span style=\"color: #008000;\">21.02. \/ 22:30 International<\/span><\/p>\n<hr \/>\n<p style=\"text-align: center;\"><span style=\"text-decoration: underline; color: #008000;\">Zona Norte<\/span><br \/>\nZona Norte<\/p>\n<p style=\"text-align: justify;\">Germany 2016<br \/>\n90\u00b4<br \/>\nDirector: Monika Treut<\/p>\n<p><iframe loading=\"lazy\" title=\"Interview with MonikaTreut about &quot;Zona Norte&quot;\" width=\"474\" height=\"267\" src=\"https:\/\/www.youtube.com\/embed\/nVPTZepR8QQ?feature=oembed\" frameborder=\"0\" allow=\"accelerometer; autoplay; clipboard-write; encrypted-media; gyroscope; picture-in-picture; web-share\" referrerpolicy=\"strict-origin-when-cross-origin\" allowfullscreen><\/iframe><\/p>\n<p style=\"text-align: justify;\">Fifteen years after Monika Treut portrayed human rights activist Yvonne Bezerra de Mello working with street kids in Kriegerin des Lichts (Warrior of Light, Panorama 2002), she returns to Rio de Janeiro to document the development and sustainability of the alternative educational project, Uer\u00ea. Every day, de Mello provides meals for around 250 children in her institution and offers them a loving, secure and effective learning environment. Her alternative approach to teaching enables the children to overcome learning disabilities that have resulted from experiences of severe violence. In the meantime, the preparations for the Olympic Games and heavy military intervention against the inhabitants of the favelas have created conditions akin to a civil war. Staying very close to her protagonists and employing a sensitive visual approach, Treut examines the effects of urban sociological changes. In Zona Norte she sets off in search of the protagonists of her earlier film. The schoolchildren she portrayed in 2001 seemed to have no future, but her re encounter with them demonstrates how, in the long run, de Mello\u2019s project has given these children a better chance in life.<\/p>\n<p style=\"text-align: justify;\"><a href=\"http:\/\/blog.teddyaward.tv\/en\/wp-content\/uploads\/sites\/4\/2016\/02\/Zona-Norte.jpg\"><img loading=\"lazy\" decoding=\"async\" class=\" size-medium wp-image-1357 aligncenter\" src=\"http:\/\/blog.teddyaward.tv\/en\/wp-content\/uploads\/sites\/4\/2016\/02\/Zona-Norte-300x205.jpg\" alt=\"Zona Norte\" width=\"300\" height=\"205\" srcset=\"https:\/\/blog.teddyaward.tv\/en\/wp-content\/uploads\/sites\/4\/2016\/02\/Zona-Norte-300x205.jpg 300w, https:\/\/blog.teddyaward.tv\/en\/wp-content\/uploads\/sites\/4\/2016\/02\/Zona-Norte-1024x699.jpg 1024w, https:\/\/blog.teddyaward.tv\/en\/wp-content\/uploads\/sites\/4\/2016\/02\/Zona-Norte.jpg 1552w\" sizes=\"auto, (max-width: 300px) 100vw, 300px\" \/><\/a><\/p>\n<p style=\"text-align: center;\"><span style=\"color: #008000;\">13.02. \/ 17:30 Cubix 7<\/span><br \/>\n<span style=\"color: #008000;\">14.02. \/ 15:15 CineStar 3<\/span><br \/>\n<span style=\"color: #008000;\">18.02. \/ 17:00 CineStar 7<\/span><br \/>\n<span style=\"color: #008000;\">19.02. \/ 12:00 CineStar 7<\/span><\/p>\n<hr \/>\n","protected":false},"excerpt":{"rendered":"<p>Here you can find all the movies competing for a TEDDY AWARD. During the Berlinale, we will post interviews with the filmmakers, trailers and other information. A Boy Needs a Friend A Boy Needs a Friend Canada\/ USA 2015 23\u00b4 Director: Steve Reinke In this latest installment of his ongoing video essay, \u201cFinal Thoughts\u201d, Steve &hellip; <a href=\"https:\/\/blog.teddyaward.tv\/en\/2016\/02\/02\/all-films-all-interviews-2\/\" class=\"more-link\">Continue reading <span class=\"screen-reader-text\">All Films &#8211; All Interviews 2016<\/span> <span class=\"meta-nav\">&rarr;<\/span><\/a><\/p>\n","protected":false},"author":21,"featured_media":1337,"comment_status":"closed","ping_status":"closed","sticky":false,"template":"","format":"standard","meta":{"_monsterinsights_skip_tracking":false,"_monsterinsights_sitenote_active":false,"_monsterinsights_sitenote_note":"","_monsterinsights_sitenote_category":0,"footnotes":""},"categories":[1,159,160],"tags":[156,19],"class_list":["post-1316","post","type-post","status-publish","format-standard","has-post-thumbnail","hentry","category-general","category-news-2016","category-teddy-2016","tag-30th-teddy-award","tag-berlinale"],"_links":{"self":[{"href":"https:\/\/blog.teddyaward.tv\/en\/wp-json\/wp\/v2\/posts\/1316","targetHints":{"allow":["GET"]}}],"collection":[{"href":"https:\/\/blog.teddyaward.tv\/en\/wp-json\/wp\/v2\/posts"}],"about":[{"href":"https:\/\/blog.teddyaward.tv\/en\/wp-json\/wp\/v2\/types\/post"}],"author":[{"embeddable":true,"href":"https:\/\/blog.teddyaward.tv\/en\/wp-json\/wp\/v2\/users\/21"}],"replies":[{"embeddable":true,"href":"https:\/\/blog.teddyaward.tv\/en\/wp-json\/wp\/v2\/comments?post=1316"}],"version-history":[{"count":37,"href":"https:\/\/blog.teddyaward.tv\/en\/wp-json\/wp\/v2\/posts\/1316\/revisions"}],"predecessor-version":[{"id":1618,"href":"https:\/\/blog.teddyaward.tv\/en\/wp-json\/wp\/v2\/posts\/1316\/revisions\/1618"}],"wp:featuredmedia":[{"embeddable":true,"href":"https:\/\/blog.teddyaward.tv\/en\/wp-json\/wp\/v2\/media\/1337"}],"wp:attachment":[{"href":"https:\/\/blog.teddyaward.tv\/en\/wp-json\/wp\/v2\/media?parent=1316"}],"wp:term":[{"taxonomy":"category","embeddable":true,"href":"https:\/\/blog.teddyaward.tv\/en\/wp-json\/wp\/v2\/categories?post=1316"},{"taxonomy":"post_tag","embeddable":true,"href":"https:\/\/blog.teddyaward.tv\/en\/wp-json\/wp\/v2\/tags?post=1316"}],"curies":[{"name":"wp","href":"https:\/\/api.w.org\/{rel}","templated":true}]}}